{"id":4269,"date":"2026-02-24T08:29:02","date_gmt":"2026-02-24T07:29:02","guid":{"rendered":"https:\/\/agora.xtec.cat\/cfasalvadordali\/?p=4269"},"modified":"2026-02-24T08:29:17","modified_gmt":"2026-02-24T07:29:17","slug":"els-dimarts-sumen-4","status":"publish","type":"post","link":"https:\/\/agora.xtec.cat\/cfasalvadordali\/portada\/els-dimarts-sumen-4\/","title":{"rendered":"Els dimarts sumen!"},"content":{"rendered":"<p class=\"gmail_default\">Avui celebrem la bellesa de la imperfecci\u00f3. <span style=\"font-family: inherit; font-size: 1em;\">El <\/span><em style=\"font-family: inherit; font-size: 1em;\">kintsugi<\/em><span style=\"font-family: inherit; font-size: 1em;\"> \u00e9s un art japon\u00e8s que transforma les peces de cer\u00e0mica trencades, unint-ne els fragments amb una resina barrejada amb pols d\u2019or. Les esquerdes no s\u2019amaguen: s\u2019il\u00b7luminen. All\u00e0 on abans hi havia una fractura, neix una l\u00ednia daurada que explica una hist\u00f2ria i converteix cada objecte en una pe\u00e7a \u00fanica i irrepetible.\u00a0<\/span>Aquesta t\u00e8cnica ancestral parla tamb\u00e9 de nosaltres. Les ferides, les caigudes i les experi\u00e8ncies dif\u00edcils no s\u00f3n taques que cal esborrar, sin\u00f3 marques que portem amb nosaltres i que formen part de la nostra hist\u00f2ria. El\u00a0<em>kintsugi<\/em> ens convida a mirar les nostres pr\u00f2pies esquerdes amb una altra llum: a acceptar-les, a reconciliar-nos-hi i a descobrir-hi una nova forma de bellesa.\u00a0Perqu\u00e8 all\u00f2 que s\u2019ha trencat pot recompondre\u2019s. I, en fer-ho, pot esdevenir m\u00e9s fort, m\u00e9s llumin\u00f3s i encara m\u00e9s valu\u00f3s!<\/p>\n<div><\/div>\n<div>\n<table style=\"height: 216px; width: 100%; border-collapse: collapse; border-color: #ffffff; background-color: #ffffff;\">\n<tbody>\n<tr style=\"border-style: none; border-color: #ffffff; background-color: #ffffff;\">\n<td style=\"width: 25.0181%; border-style: none; border-color: #fafafa; height: 216px;\"><a href=\"https:\/\/agora.xtec.cat\/cfasalvadordali\/wp-content\/uploads\/usu363\/2026\/02\/stock-photo-isolated-black-japanese-kintsugi-bowl-antique-pottery-restored-gold-cracks.jpg\"><img loading=\"lazy\" decoding=\"async\" class=\"aligncenter size-medium wp-image-4276\" src=\"https:\/\/agora.xtec.cat\/cfasalvadordali\/wp-content\/uploads\/usu363\/2026\/02\/stock-photo-isolated-black-japanese-kintsugi-bowl-antique-pottery-restored-gold-cracks-300x200.jpg\" alt=\"\" width=\"300\" height=\"200\" srcset=\"https:\/\/agora.xtec.cat\/cfasalvadordali\/wp-content\/uploads\/usu363\/2026\/02\/stock-photo-isolated-black-japanese-kintsugi-bowl-antique-pottery-restored-gold-cracks-300x200.jpg 300w, https:\/\/agora.xtec.cat\/cfasalvadordali\/wp-content\/uploads\/usu363\/2026\/02\/stock-photo-isolated-black-japanese-kintsugi-bowl-antique-pottery-restored-gold-cracks-768x512.jpg 768w, https:\/\/agora.xtec.cat\/cfasalvadordali\/wp-content\/uploads\/usu363\/2026\/02\/stock-photo-isolated-black-japanese-kintsugi-bowl-antique-pottery-restored-gold-cracks.jpg 1024w\" sizes=\"auto, (max-width: 300px) 100vw, 300px\" \/><\/a><\/td>\n<td style=\"width: 25.0181%; border-style: none; border-color: #fafafa; height: 216px;\"><a href=\"https:\/\/agora.xtec.cat\/cfasalvadordali\/wp-content\/uploads\/usu363\/2026\/02\/240_F_673866578_zhppEPioqOoV9vgjqIVsj3qvLdVGGjuB.jpg\"><img loading=\"lazy\" decoding=\"async\" class=\"aligncenter size-medium wp-image-4271\" src=\"https:\/\/agora.xtec.cat\/cfasalvadordali\/wp-content\/uploads\/usu363\/2026\/02\/240_F_673866578_zhppEPioqOoV9vgjqIVsj3qvLdVGGjuB-300x168.jpg\" alt=\"\" width=\"300\" height=\"168\" srcset=\"https:\/\/agora.xtec.cat\/cfasalvadordali\/wp-content\/uploads\/usu363\/2026\/02\/240_F_673866578_zhppEPioqOoV9vgjqIVsj3qvLdVGGjuB-300x168.jpg 300w, https:\/\/agora.xtec.cat\/cfasalvadordali\/wp-content\/uploads\/usu363\/2026\/02\/240_F_673866578_zhppEPioqOoV9vgjqIVsj3qvLdVGGjuB.jpg 429w\" sizes=\"auto, (max-width: 300px) 100vw, 300px\" \/><\/a><\/td>\n<td style=\"width: 25.0181%; border-style: none; border-color: #fafafa; height: 216px;\"><a href=\"https:\/\/agora.xtec.cat\/cfasalvadordali\/wp-content\/uploads\/usu363\/2026\/02\/240_F_939032970_rYKMPEiNMXDtiKkSzD0YWwDeqaXPbY3c-1.jpg\"><img loading=\"lazy\" decoding=\"async\" class=\"aligncenter size-medium wp-image-4275\" src=\"https:\/\/agora.xtec.cat\/cfasalvadordali\/wp-content\/uploads\/usu363\/2026\/02\/240_F_939032970_rYKMPEiNMXDtiKkSzD0YWwDeqaXPbY3c-1-300x185.jpg\" alt=\"\" width=\"300\" height=\"185\" srcset=\"https:\/\/agora.xtec.cat\/cfasalvadordali\/wp-content\/uploads\/usu363\/2026\/02\/240_F_939032970_rYKMPEiNMXDtiKkSzD0YWwDeqaXPbY3c-1-300x185.jpg 300w, https:\/\/agora.xtec.cat\/cfasalvadordali\/wp-content\/uploads\/usu363\/2026\/02\/240_F_939032970_rYKMPEiNMXDtiKkSzD0YWwDeqaXPbY3c-1.jpg 389w\" sizes=\"auto, (max-width: 300px) 100vw, 300px\" \/><\/a><\/td>\n<td style=\"width: 25.0181%; border-style: none; border-color: #fafafa; height: 216px;\"><a href=\"https:\/\/agora.xtec.cat\/cfasalvadordali\/wp-content\/uploads\/usu363\/2026\/02\/240_F_613997890_Q3KqmOcoqTTGl8GrMB5KYiCZznYH1DXD.jpg\"><img loading=\"lazy\" decoding=\"async\" class=\"aligncenter size-medium wp-image-4270\" src=\"https:\/\/agora.xtec.cat\/cfasalvadordali\/wp-content\/uploads\/usu363\/2026\/02\/240_F_613997890_Q3KqmOcoqTTGl8GrMB5KYiCZznYH1DXD-300x168.jpg\" alt=\"\" width=\"300\" height=\"168\" srcset=\"https:\/\/agora.xtec.cat\/cfasalvadordali\/wp-content\/uploads\/usu363\/2026\/02\/240_F_613997890_Q3KqmOcoqTTGl8GrMB5KYiCZznYH1DXD-300x168.jpg 300w, https:\/\/agora.xtec.cat\/cfasalvadordali\/wp-content\/uploads\/usu363\/2026\/02\/240_F_613997890_Q3KqmOcoqTTGl8GrMB5KYiCZznYH1DXD.jpg 429w\" sizes=\"auto, (max-width: 300px) 100vw, 300px\" \/><\/a><\/td>\n<\/tr>\n<\/tbody>\n<\/table>\n<\/div>\n<div><\/div>\n<div><\/div>\n<div><\/div>\n<p>&nbsp;<\/p>\n","protected":false},"excerpt":{"rendered":"<p>Avui celebrem la bellesa de la imperfecci\u00f3. El kintsugi \u00e9s un art japon\u00e8s que transforma les peces de cer\u00e0mica trencades, unint-ne els fragments amb una resina barrejada amb pols d\u2019or. Les esquerdes no s\u2019amaguen: s\u2019il\u00b7luminen. All\u00e0 on abans hi havia una fractura, neix una l\u00ednia&hellip;  <a href=\"https:\/\/agora.xtec.cat\/cfasalvadordali\/portada\/els-dimarts-sumen-4\/\" title=\"Read Els dimarts sumen!\">Llegeix m\u00e9s\u00bb<\/a><\/p>\n","protected":false},"author":54,"featured_media":4270,"comment_status":"open","ping_status":"open","sticky":true,"template":"","format":"standard","meta":{"_bbp_topic_count":0,"_bbp_reply_count":0,"_bbp_total_topic_count":0,"_bbp_total_reply_count":0,"_bbp_voice_count":0,"_bbp_anonymous_reply_count":0,"_bbp_topic_count_hidden":0,"_bbp_reply_count_hidden":0,"_bbp_forum_subforum_count":0,"footnotes":""},"categories":[227,29],"tags":[],"class_list":["post-4269","post","type-post","status-publish","format-standard","has-post-thumbnail","hentry","category-els-dimarts-sumen","category-portada"],"post_mailing_queue_ids":[],"_links":{"self":[{"href":"https:\/\/agora.xtec.cat\/cfasalvadordali\/wp-json\/wp\/v2\/posts\/4269","targetHints":{"allow":["GET"]}}],"collection":[{"href":"https:\/\/agora.xtec.cat\/cfasalvadordali\/wp-json\/wp\/v2\/posts"}],"about":[{"href":"https:\/\/agora.xtec.cat\/cfasalvadordali\/wp-json\/wp\/v2\/types\/post"}],"author":[{"embeddable":true,"href":"https:\/\/agora.xtec.cat\/cfasalvadordali\/wp-json\/wp\/v2\/users\/54"}],"replies":[{"embeddable":true,"href":"https:\/\/agora.xtec.cat\/cfasalvadordali\/wp-json\/wp\/v2\/comments?post=4269"}],"version-history":[{"count":2,"href":"https:\/\/agora.xtec.cat\/cfasalvadordali\/wp-json\/wp\/v2\/posts\/4269\/revisions"}],"predecessor-version":[{"id":4278,"href":"https:\/\/agora.xtec.cat\/cfasalvadordali\/wp-json\/wp\/v2\/posts\/4269\/revisions\/4278"}],"wp:featuredmedia":[{"embeddable":true,"href":"https:\/\/agora.xtec.cat\/cfasalvadordali\/wp-json\/wp\/v2\/media\/4270"}],"wp:attachment":[{"href":"https:\/\/agora.xtec.cat\/cfasalvadordali\/wp-json\/wp\/v2\/media?parent=4269"}],"wp:term":[{"taxonomy":"category","embeddable":true,"href":"https:\/\/agora.xtec.cat\/cfasalvadordali\/wp-json\/wp\/v2\/categories?post=4269"},{"taxonomy":"post_tag","embeddable":true,"href":"https:\/\/agora.xtec.cat\/cfasalvadordali\/wp-json\/wp\/v2\/tags?post=4269"}],"curies":[{"name":"wp","href":"https:\/\/api.w.org\/{rel}","templated":true}]}}