{"id":4254,"date":"2026-02-17T08:28:03","date_gmt":"2026-02-17T07:28:03","guid":{"rendered":"https:\/\/agora.xtec.cat\/cfasalvadordali\/?p=4254"},"modified":"2026-02-24T15:12:46","modified_gmt":"2026-02-24T14:12:46","slug":"els-dimarts-sumen-3","status":"publish","type":"post","link":"https:\/\/agora.xtec.cat\/cfasalvadordali\/portada\/els-dimarts-sumen-3\/","title":{"rendered":"Els dimarts sumen!"},"content":{"rendered":"<p><span style=\"font-weight: 400;\">Avui comen\u00e7a l\u2019Any Nou Xin\u00e8s, que enguany correspon al Cavall de Foc. <\/span><span style=\"font-weight: 400;\">Aquesta tradici\u00f3, coneguda tamb\u00e9 com la Festa de la Primavera, marca l\u2019inici del calendari lunar xin\u00e8s i se celebra no nom\u00e9s a la Xina, sin\u00f3 tamb\u00e9 a Corea del Sud, Vietnam i en comunitats xineses establertes a Europa, els Estats Units i altres regions del m\u00f3n.<\/span><\/p>\n<p><span style=\"font-weight: 400;\">Durant 15 dies, els carrers s\u2019engalanen i es transformen en un espectacle de llum, color i m\u00fasica. Les llanternes il\u00b7luminades i els espectacles tradicionals, com les majestuoses danses de dracs, omplen l\u2019ambient d\u2019energia i solemnitat. A m\u00e9s, els focs artificials i les fires contribueixen a crear una atmosfera vibrant i plena de vida, que reflecteix l\u2019esperit festiu i la riquesa de la tradici\u00f3.<\/span><\/p>\n<p><span style=\"font-weight: 400;\">A <\/span><a href=\"https:\/\/www.3cat.cat\/3catinfo\/comencen-les-celebracions-per-lany-nou-xines-el-del-cavall-de-foc-quin-significat-te\/noticia\/3393409\/\"><span style=\"font-weight: 400;\">Barcelona<\/span><\/a><span style=\"font-weight: 400;\">, els actes van comen\u00e7ar amb una desfilada a l\u2019Eixample, on un miler de participants de diferents associacions xineses i catalanes van donar la benvinguda a l&#8217;any 4724 segons el calendari xin\u00e8s.<\/span><\/p>\n<p><span style=\"font-weight: 400;\">\u00c9s un moment perfecte per aprofitar l\u2019energia del Cavall de Foc i iniciar l\u2019any amb coratge, entusiasme i il\u00b7lusi\u00f3!\u00a0<\/span><\/p>\n<table style=\"width: 100%; border-collapse: collapse; border-style: none; border-color: #ffffff; background-color: #ffffff;\">\n<tbody>\n<tr style=\"border-style: solid; border-color: #ffffff; background-color: #ffffff;\">\n<td style=\"width: 33.3333%; border-style: solid; border-color: #ffffff; background-color: #ffffff;\"><a href=\"https:\/\/agora.xtec.cat\/cfasalvadordali\/wp-content\/uploads\/usu363\/2026\/02\/Calendari-xines.jpg\"><img loading=\"lazy\" decoding=\"async\" class=\"alignnone size-full wp-image-4255\" src=\"https:\/\/agora.xtec.cat\/cfasalvadordali\/wp-content\/uploads\/usu363\/2026\/02\/Calendari-xines.jpg\" alt=\"\" width=\"482\" height=\"497\" srcset=\"https:\/\/agora.xtec.cat\/cfasalvadordali\/wp-content\/uploads\/usu363\/2026\/02\/Calendari-xines.jpg 482w, https:\/\/agora.xtec.cat\/cfasalvadordali\/wp-content\/uploads\/usu363\/2026\/02\/Calendari-xines-291x300.jpg 291w\" sizes=\"auto, (max-width: 482px) 100vw, 482px\" \/><\/a><\/td>\n<td style=\"width: 33.3333%; border-style: solid; border-color: #ffffff; background-color: #ffffff;\"><a href=\"https:\/\/agora.xtec.cat\/cfasalvadordali\/wp-content\/uploads\/usu363\/2026\/02\/Calendari-xines-3.jpg\"><img loading=\"lazy\" decoding=\"async\" class=\"alignnone size-full wp-image-4257\" src=\"https:\/\/agora.xtec.cat\/cfasalvadordali\/wp-content\/uploads\/usu363\/2026\/02\/Calendari-xines-3.jpg\" alt=\"\" width=\"367\" height=\"246\" srcset=\"https:\/\/agora.xtec.cat\/cfasalvadordali\/wp-content\/uploads\/usu363\/2026\/02\/Calendari-xines-3.jpg 367w, https:\/\/agora.xtec.cat\/cfasalvadordali\/wp-content\/uploads\/usu363\/2026\/02\/Calendari-xines-3-300x201.jpg 300w\" sizes=\"auto, (max-width: 367px) 100vw, 367px\" \/><\/a><\/td>\n<td style=\"width: 33.3333%; border-style: solid; border-color: #ffffff; background-color: #ffffff;\"><a href=\"https:\/\/agora.xtec.cat\/cfasalvadordali\/wp-content\/uploads\/usu363\/2026\/02\/Calendari-xines-2.jpg\"><img loading=\"lazy\" decoding=\"async\" class=\"alignnone size-full wp-image-4256\" src=\"https:\/\/agora.xtec.cat\/cfasalvadordali\/wp-content\/uploads\/usu363\/2026\/02\/Calendari-xines-2.jpg\" alt=\"\" width=\"396\" height=\"222\" srcset=\"https:\/\/agora.xtec.cat\/cfasalvadordali\/wp-content\/uploads\/usu363\/2026\/02\/Calendari-xines-2.jpg 396w, https:\/\/agora.xtec.cat\/cfasalvadordali\/wp-content\/uploads\/usu363\/2026\/02\/Calendari-xines-2-300x168.jpg 300w\" sizes=\"auto, (max-width: 396px) 100vw, 396px\" \/><\/a><\/td>\n<\/tr>\n<\/tbody>\n<\/table>\n","protected":false},"excerpt":{"rendered":"<p>Avui comen\u00e7a l\u2019Any Nou Xin\u00e8s, que enguany correspon al Cavall de Foc. Aquesta tradici\u00f3, coneguda tamb\u00e9 com la Festa de la Primavera, marca l\u2019inici del calendari lunar xin\u00e8s i se celebra no nom\u00e9s a la Xina, sin\u00f3 tamb\u00e9 a Corea del Sud, Vietnam i en&hellip;  <a href=\"https:\/\/agora.xtec.cat\/cfasalvadordali\/portada\/els-dimarts-sumen-3\/\" title=\"Read Els dimarts sumen!\">Llegeix m\u00e9s\u00bb<\/a><\/p>\n","protected":false},"author":1,"featured_media":4257,"comment_status":"open","ping_status":"open","sticky":true,"template":"","format":"standard","meta":{"_bbp_topic_count":0,"_bbp_reply_count":0,"_bbp_total_topic_count":0,"_bbp_total_reply_count":0,"_bbp_voice_count":0,"_bbp_anonymous_reply_count":0,"_bbp_topic_count_hidden":0,"_bbp_reply_count_hidden":0,"_bbp_forum_subforum_count":0,"footnotes":""},"categories":[227,29],"tags":[],"class_list":["post-4254","post","type-post","status-publish","format-standard","has-post-thumbnail","hentry","category-els-dimarts-sumen","category-portada"],"post_mailing_queue_ids":[],"_links":{"self":[{"href":"https:\/\/agora.xtec.cat\/cfasalvadordali\/wp-json\/wp\/v2\/posts\/4254","targetHints":{"allow":["GET"]}}],"collection":[{"href":"https:\/\/agora.xtec.cat\/cfasalvadordali\/wp-json\/wp\/v2\/posts"}],"about":[{"href":"https:\/\/agora.xtec.cat\/cfasalvadordali\/wp-json\/wp\/v2\/types\/post"}],"author":[{"embeddable":true,"href":"https:\/\/agora.xtec.cat\/cfasalvadordali\/wp-json\/wp\/v2\/users\/1"}],"replies":[{"embeddable":true,"href":"https:\/\/agora.xtec.cat\/cfasalvadordali\/wp-json\/wp\/v2\/comments?post=4254"}],"version-history":[{"count":5,"href":"https:\/\/agora.xtec.cat\/cfasalvadordali\/wp-json\/wp\/v2\/posts\/4254\/revisions"}],"predecessor-version":[{"id":4262,"href":"https:\/\/agora.xtec.cat\/cfasalvadordali\/wp-json\/wp\/v2\/posts\/4254\/revisions\/4262"}],"wp:featuredmedia":[{"embeddable":true,"href":"https:\/\/agora.xtec.cat\/cfasalvadordali\/wp-json\/wp\/v2\/media\/4257"}],"wp:attachment":[{"href":"https:\/\/agora.xtec.cat\/cfasalvadordali\/wp-json\/wp\/v2\/media?parent=4254"}],"wp:term":[{"taxonomy":"category","embeddable":true,"href":"https:\/\/agora.xtec.cat\/cfasalvadordali\/wp-json\/wp\/v2\/categories?post=4254"},{"taxonomy":"post_tag","embeddable":true,"href":"https:\/\/agora.xtec.cat\/cfasalvadordali\/wp-json\/wp\/v2\/tags?post=4254"}],"curies":[{"name":"wp","href":"https:\/\/api.w.org\/{rel}","templated":true}]}}