{"id":4235,"date":"2026-02-10T19:21:36","date_gmt":"2026-02-10T18:21:36","guid":{"rendered":"https:\/\/agora.xtec.cat\/cfasalvadordali\/?p=4235"},"modified":"2026-02-24T15:13:56","modified_gmt":"2026-02-24T14:13:56","slug":"nutricio-i-salut-consells-practics-per-a-la-vida-diaria","status":"publish","type":"post","link":"https:\/\/agora.xtec.cat\/cfasalvadordali\/portada\/nutricio-i-salut-consells-practics-per-a-la-vida-diaria\/","title":{"rendered":"Nutrici\u00f3 i salut: Consells pr\u00e0ctics per a la vida di\u00e0ria"},"content":{"rendered":"<p>L\u2019alumnat de GESO 1 est\u00e0 treballant el m\u00f2dul de <em>Diet\u00e8tica i Nutrici\u00f3<\/em>, centrat en el funcionament dels diferents sistemes del cos hum\u00e0 responsables del proc\u00e9s de la digesti\u00f3. Durant aquest proc\u00e9s, els aliments es transformen en nutrients, que posteriorment s\u00f3n distribu\u00efts a les zones del cos on s\u00f3n necessaris per al correcte funcionament del nostre organisme. En aquest context, s\u2019han elaborat uns cartells informatius amb el suport del programa Canva, que es penjaran a l\u2019escola amb l\u2019objectiu d\u2019oferir consells sobre la cura d\u2019aquests sistemes. A continuaci\u00f3, es presenta una selecci\u00f3 d\u2019aquests cartells com a\u00a0 exemple\u00a0 del seu treball.<\/p>\n<p><a href=\"https:\/\/agora.xtec.cat\/cfasalvadordali\/wp-content\/uploads\/usu363\/2026\/02\/S.-digestiu.jpg\"><img loading=\"lazy\" decoding=\"async\" class=\"alignnone size-full wp-image-4236\" src=\"https:\/\/agora.xtec.cat\/cfasalvadordali\/wp-content\/uploads\/usu363\/2026\/02\/S.-digestiu.jpg\" alt=\"\" width=\"490\" height=\"696\" \/><\/a> <a href=\"https:\/\/agora.xtec.cat\/cfasalvadordali\/wp-content\/uploads\/usu363\/2026\/02\/S.-respiratori.jpg\"><img loading=\"lazy\" decoding=\"async\" class=\"alignnone size-large wp-image-4237\" src=\"https:\/\/agora.xtec.cat\/cfasalvadordali\/wp-content\/uploads\/usu363\/2026\/02\/S.-respiratori.jpg\" alt=\"\" width=\"492\" height=\"697\" srcset=\"https:\/\/agora.xtec.cat\/cfasalvadordali\/wp-content\/uploads\/usu363\/2026\/02\/S.-respiratori.jpg 492w, https:\/\/agora.xtec.cat\/cfasalvadordali\/wp-content\/uploads\/usu363\/2026\/02\/S.-respiratori-212x300.jpg 212w\" sizes=\"auto, (max-width: 492px) 100vw, 492px\" \/><\/a><\/p>\n<p><a href=\"https:\/\/agora.xtec.cat\/cfasalvadordali\/wp-content\/uploads\/usu363\/2026\/02\/Sedent.jpg\"><img loading=\"lazy\" decoding=\"async\" class=\"size-full wp-image-4243 aligncenter\" src=\"https:\/\/agora.xtec.cat\/cfasalvadordali\/wp-content\/uploads\/usu363\/2026\/02\/Sedent.jpg\" alt=\"\" width=\"488\" height=\"701\" srcset=\"https:\/\/agora.xtec.cat\/cfasalvadordali\/wp-content\/uploads\/usu363\/2026\/02\/Sedent.jpg 488w, https:\/\/agora.xtec.cat\/cfasalvadordali\/wp-content\/uploads\/usu363\/2026\/02\/Sedent-209x300.jpg 209w\" sizes=\"auto, (max-width: 488px) 100vw, 488px\" \/><\/a><\/p>\n","protected":false},"excerpt":{"rendered":"<p>L\u2019alumnat de GESO 1 est\u00e0 treballant el m\u00f2dul de Diet\u00e8tica i Nutrici\u00f3, centrat en el funcionament dels diferents sistemes del cos hum\u00e0 responsables del proc\u00e9s de la digesti\u00f3. Durant aquest proc\u00e9s, els aliments es transformen en nutrients, que posteriorment s\u00f3n distribu\u00efts a les zones del&hellip;  <a href=\"https:\/\/agora.xtec.cat\/cfasalvadordali\/portada\/nutricio-i-salut-consells-practics-per-a-la-vida-diaria\/\" title=\"Read Nutrici\u00f3 i salut: Consells pr\u00e0ctics per a la vida di\u00e0ria\">Llegeix m\u00e9s\u00bb<\/a><\/p>\n","protected":false},"author":1,"featured_media":4236,"comment_status":"open","ping_status":"open","sticky":true,"template":"","format":"standard","meta":{"_bbp_topic_count":0,"_bbp_reply_count":0,"_bbp_total_topic_count":0,"_bbp_total_reply_count":0,"_bbp_voice_count":0,"_bbp_anonymous_reply_count":0,"_bbp_topic_count_hidden":0,"_bbp_reply_count_hidden":0,"_bbp_forum_subforum_count":0,"footnotes":""},"categories":[84,29],"tags":[],"class_list":["post-4235","post","type-post","status-publish","format-standard","has-post-thumbnail","hentry","category-ges1","category-portada"],"post_mailing_queue_ids":[],"_links":{"self":[{"href":"https:\/\/agora.xtec.cat\/cfasalvadordali\/wp-json\/wp\/v2\/posts\/4235","targetHints":{"allow":["GET"]}}],"collection":[{"href":"https:\/\/agora.xtec.cat\/cfasalvadordali\/wp-json\/wp\/v2\/posts"}],"about":[{"href":"https:\/\/agora.xtec.cat\/cfasalvadordali\/wp-json\/wp\/v2\/types\/post"}],"author":[{"embeddable":true,"href":"https:\/\/agora.xtec.cat\/cfasalvadordali\/wp-json\/wp\/v2\/users\/1"}],"replies":[{"embeddable":true,"href":"https:\/\/agora.xtec.cat\/cfasalvadordali\/wp-json\/wp\/v2\/comments?post=4235"}],"version-history":[{"count":4,"href":"https:\/\/agora.xtec.cat\/cfasalvadordali\/wp-json\/wp\/v2\/posts\/4235\/revisions"}],"predecessor-version":[{"id":4244,"href":"https:\/\/agora.xtec.cat\/cfasalvadordali\/wp-json\/wp\/v2\/posts\/4235\/revisions\/4244"}],"wp:featuredmedia":[{"embeddable":true,"href":"https:\/\/agora.xtec.cat\/cfasalvadordali\/wp-json\/wp\/v2\/media\/4236"}],"wp:attachment":[{"href":"https:\/\/agora.xtec.cat\/cfasalvadordali\/wp-json\/wp\/v2\/media?parent=4235"}],"wp:term":[{"taxonomy":"category","embeddable":true,"href":"https:\/\/agora.xtec.cat\/cfasalvadordali\/wp-json\/wp\/v2\/categories?post=4235"},{"taxonomy":"post_tag","embeddable":true,"href":"https:\/\/agora.xtec.cat\/cfasalvadordali\/wp-json\/wp\/v2\/tags?post=4235"}],"curies":[{"name":"wp","href":"https:\/\/api.w.org\/{rel}","templated":true}]}}