{"id":4198,"date":"2026-01-30T17:19:04","date_gmt":"2026-01-30T16:19:04","guid":{"rendered":"https:\/\/agora.xtec.cat\/cfasalvadordali\/?p=4198"},"modified":"2026-01-30T17:19:59","modified_gmt":"2026-01-30T16:19:59","slug":"concurs-de-cartells-denip-2026","status":"publish","type":"post","link":"https:\/\/agora.xtec.cat\/cfasalvadordali\/general\/concurs-de-cartells-denip-2026\/","title":{"rendered":"Concurs de cartells DENIP 2026"},"content":{"rendered":"<p data-start=\"352\" data-end=\"641\">Amb motiu del <strong data-start=\"366\" data-end=\"423\">Dia Escolar de la No-Viol\u00e8ncia i la Pau (30 de gener)<\/strong>, el CFA Salvador Dal\u00ed ha organitzat un concurs de cartells impulsat per la Comissi\u00f3 de Conviv\u00e8ncia, amb l\u2019objectiu de promoure els valors de la pau, el respecte, la conviv\u00e8ncia i la resoluci\u00f3 pac\u00edfica dels conflictes.<\/p>\n<p data-start=\"643\" data-end=\"962\">L\u2019alumnat del centre hi ha participat de manera activa, tant de forma individual com col\u00b7lectiva, presentant cartells digitals i cartells fets a m\u00e0. Les obres han estat exposades, convertint els espais en punts visibles de reflexi\u00f3 i sensibilitzaci\u00f3 per a tota la comunitat educativa.<\/p>\n<p data-start=\"964\" data-end=\"1270\">Despr\u00e9s de la deliberaci\u00f3 del jurat, format per membres de la Comissi\u00f3 de Conviv\u00e8ncia i el representant de l\u2019alumnat del Consell Escolar, ja podem anunciar els <strong data-start=\"1124\" data-end=\"1147\">cartells guanyadors<\/strong>, que destaquen per la claredat del missatge, la creativitat, la for\u00e7a comunicativa i la coher\u00e8ncia entre imatge i esl\u00f2gan.<\/p>\n<p data-start=\"1344\" data-end=\"1701\">Des del centre volem felicitar totes les persones participants per la seva implicaci\u00f3 i creativitat, i posar en valor la qualitat dels treballs presentats. Iniciatives com aquesta donen veu a l\u2019alumnat, reforcen el sentiment de pertinen\u00e7a i contribueixen a construir, des de l\u2019educaci\u00f3, una cultura de pau i no-viol\u00e8ncia dins i fora del centre penitenciari.<\/p>\n<p data-start=\"1703\" data-end=\"1740\">Gr\u00e0cies a tothom per fer-ho possible.<\/p>\n<p data-start=\"1703\" data-end=\"1740\">\r\n\t<div class=\"slideshow_container slideshow_container_style-light\" style=\"height: 300px; \" data-slideshow-id=\"4201\" data-style-name=\"style-light\" data-style-version=\"2.3.1\" >\r\n\r\n\t\t\t\t\t<div class=\"slideshow_loading_icon\"><\/div>\r\n\t\t\r\n\t\t<div class=\"slideshow_content\" style=\"display: none;\">\r\n\r\n\t\t\t<div class=\"slideshow_view\">\r\n\t\t\t\t<div class=\"slideshow_slide slideshow_slide_image\">\r\n\t\t\t\t\t\t\t\t\t\t\t<img src=\"https:\/\/agora.xtec.cat\/cfasalvadordali\/wp-content\/uploads\/usu363\/2026\/01\/DSC03153_Easy-Resize.com_.jpg\" alt=\"DSC03153_Easy-Resize.com\" width=\"1280\" height=\"462\" \/>\r\n\t\t\t\t\t\t\t\t\t\t<div class=\"slideshow_description_box slideshow_transparent\">\r\n\t\t\t\t\t\t<div class=\"slideshow_title\">DSC03153_Easy-Resize.com<\/div>\t\t\t\t\t\t\t\t\t\t\t<\/div>\r\n\t\t\t\t<\/div>\r\n\r\n\t\t\t\t\t\t<div style=\"clear: both;\"><\/div><\/div><div class=\"slideshow_view\">\r\n\t\t\t\t<div class=\"slideshow_slide slideshow_slide_image\">\r\n\t\t\t\t\t\t\t\t\t\t\t<img src=\"https:\/\/agora.xtec.cat\/cfasalvadordali\/wp-content\/uploads\/usu363\/2026\/02\/def-3.jpg\" alt=\"def\" width=\"600\" height=\"270\" \/>\r\n\t\t\t\t\t\t\t\t\t\t<div class=\"slideshow_description_box slideshow_transparent\">\r\n\t\t\t\t\t\t<div class=\"slideshow_title\">def<\/div>\t\t\t\t\t\t\t\t\t\t\t<\/div>\r\n\t\t\t\t<\/div>\r\n\r\n\t\t\t\t\t\t<div style=\"clear: both;\"><\/div><\/div><div class=\"slideshow_view\">\r\n\t\t\t\t<div class=\"slideshow_slide slideshow_slide_image\">\r\n\t\t\t\t\t\t\t\t\t\t\t<img src=\"https:\/\/agora.xtec.cat\/cfasalvadordali\/wp-content\/uploads\/usu363\/2026\/01\/DSC03150_Easy-Resize.com_.jpg\" alt=\"DSC03150_Easy-Resize.com\" width=\"1280\" height=\"594\" \/>\r\n\t\t\t\t\t\t\t\t\t\t<div class=\"slideshow_description_box slideshow_transparent\">\r\n\t\t\t\t\t\t<div class=\"slideshow_title\">DSC03150_Easy-Resize.com<\/div>\t\t\t\t\t\t\t\t\t\t\t<\/div>\r\n\t\t\t\t<\/div>\r\n\r\n\t\t\t\t\t\t<div style=\"clear: both;\"><\/div><\/div><div class=\"slideshow_view\">\r\n\t\t\t\t<div class=\"slideshow_slide slideshow_slide_image\">\r\n\t\t\t\t\t\t\t\t\t\t\t<img src=\"https:\/\/agora.xtec.cat\/cfasalvadordali\/wp-content\/uploads\/usu363\/2026\/01\/DSC03149_Easy-Resize.com_.jpg\" alt=\"DSC03149_Easy-Resize.com\" width=\"1280\" height=\"619\" \/>\r\n\t\t\t\t\t\t\t\t\t\t<div class=\"slideshow_description_box slideshow_transparent\">\r\n\t\t\t\t\t\t<div class=\"slideshow_title\">DSC03149_Easy-Resize.com<\/div>\t\t\t\t\t\t\t\t\t\t\t<\/div>\r\n\t\t\t\t<\/div>\r\n\r\n\t\t\t\t\t\t<div style=\"clear: both;\"><\/div><\/div><div class=\"slideshow_view\">\r\n\t\t\t\t<div class=\"slideshow_slide slideshow_slide_image\">\r\n\t\t\t\t\t\t\t\t\t\t\t<img src=\"https:\/\/agora.xtec.cat\/cfasalvadordali\/wp-content\/uploads\/usu363\/2026\/01\/DSC03152_Easy-Resize.com_.jpg\" alt=\"DSC03152_Easy-Resize.com\" width=\"1280\" height=\"652\" \/>\r\n\t\t\t\t\t\t\t\t\t\t<div class=\"slideshow_description_box slideshow_transparent\">\r\n\t\t\t\t\t\t<div class=\"slideshow_title\">DSC03152_Easy-Resize.com<\/div>\t\t\t\t\t\t\t\t\t\t\t<\/div>\r\n\t\t\t\t<\/div>\r\n\r\n\t\t\t\t\t\t<div style=\"clear: both;\"><\/div><\/div>\r\n\t\t<\/div>\r\n\r\n\t\t<div class=\"slideshow_controlPanel slideshow_transparent\" style=\"display: none;\"><ul><li class=\"slideshow_togglePlay\" data-play-text=\"Visualitza\" data-pause-text=\"Pausa\"><\/li><\/ul><\/div>\r\n\r\n\t\t<div class=\"slideshow_button slideshow_previous slideshow_transparent\" role=\"button\" data-previous-text=\"Anterior\" style=\"display: none;\"><\/div>\r\n\t\t<div class=\"slideshow_button slideshow_next slideshow_transparent\" role=\"button\" data-next-text=\"Seg\u00fcent\" style=\"display: none;\"><\/div>\r\n\r\n\t\t<div class=\"slideshow_pagination\" style=\"display: none;\" data-go-to-text=\"V\u00e9s a la diapositiva\"><div class=\"slideshow_pagination_center\"><\/div><\/div>\r\n\r\n\t\t<!-- WordPress Slideshow Version 2.3.1 -->\r\n\r\n\t\t\t<\/div>\r\n\r\n<\/p>\n","protected":false},"excerpt":{"rendered":"<p>Amb motiu del Dia Escolar de la No-Viol\u00e8ncia i la Pau (30 de gener), el CFA Salvador Dal\u00ed ha organitzat un concurs de cartells impulsat per la Comissi\u00f3 de Conviv\u00e8ncia, amb l\u2019objectiu de promoure els valors de la pau, el respecte, la conviv\u00e8ncia i la&hellip;  <a href=\"https:\/\/agora.xtec.cat\/cfasalvadordali\/general\/concurs-de-cartells-denip-2026\/\" title=\"Read Concurs de cartells DENIP 2026\">Llegeix m\u00e9s\u00bb<\/a><\/p>\n","protected":false},"author":54,"featured_media":4202,"comment_status":"open","ping_status":"open","sticky":true,"template":"","format":"standard","meta":{"_bbp_topic_count":0,"_bbp_reply_count":0,"_bbp_total_topic_count":0,"_bbp_total_reply_count":0,"_bbp_voice_count":0,"_bbp_anonymous_reply_count":0,"_bbp_topic_count_hidden":0,"_bbp_reply_count_hidden":0,"_bbp_forum_subforum_count":0,"footnotes":""},"categories":[1,29],"tags":[],"class_list":["post-4198","post","type-post","status-publish","format-standard","has-post-thumbnail","hentry","category-general","category-portada"],"post_mailing_queue_ids":[],"_links":{"self":[{"href":"https:\/\/agora.xtec.cat\/cfasalvadordali\/wp-json\/wp\/v2\/posts\/4198","targetHints":{"allow":["GET"]}}],"collection":[{"href":"https:\/\/agora.xtec.cat\/cfasalvadordali\/wp-json\/wp\/v2\/posts"}],"about":[{"href":"https:\/\/agora.xtec.cat\/cfasalvadordali\/wp-json\/wp\/v2\/types\/post"}],"author":[{"embeddable":true,"href":"https:\/\/agora.xtec.cat\/cfasalvadordali\/wp-json\/wp\/v2\/users\/54"}],"replies":[{"embeddable":true,"href":"https:\/\/agora.xtec.cat\/cfasalvadordali\/wp-json\/wp\/v2\/comments?post=4198"}],"version-history":[{"count":3,"href":"https:\/\/agora.xtec.cat\/cfasalvadordali\/wp-json\/wp\/v2\/posts\/4198\/revisions"}],"predecessor-version":[{"id":4208,"href":"https:\/\/agora.xtec.cat\/cfasalvadordali\/wp-json\/wp\/v2\/posts\/4198\/revisions\/4208"}],"wp:featuredmedia":[{"embeddable":true,"href":"https:\/\/agora.xtec.cat\/cfasalvadordali\/wp-json\/wp\/v2\/media\/4202"}],"wp:attachment":[{"href":"https:\/\/agora.xtec.cat\/cfasalvadordali\/wp-json\/wp\/v2\/media?parent=4198"}],"wp:term":[{"taxonomy":"category","embeddable":true,"href":"https:\/\/agora.xtec.cat\/cfasalvadordali\/wp-json\/wp\/v2\/categories?post=4198"},{"taxonomy":"post_tag","embeddable":true,"href":"https:\/\/agora.xtec.cat\/cfasalvadordali\/wp-json\/wp\/v2\/tags?post=4198"}],"curies":[{"name":"wp","href":"https:\/\/api.w.org\/{rel}","templated":true}]}}