{"id":4168,"date":"2026-01-27T16:39:46","date_gmt":"2026-01-27T15:39:46","guid":{"rendered":"https:\/\/agora.xtec.cat\/cfasalvadordali\/?p=4168"},"modified":"2026-02-24T15:15:31","modified_gmt":"2026-02-24T14:15:31","slug":"encetem-una-nova-seccio-els-dimarts-sumen","status":"publish","type":"post","link":"https:\/\/agora.xtec.cat\/cfasalvadordali\/portada\/encetem-una-nova-seccio-els-dimarts-sumen\/","title":{"rendered":"Encetem una nova secci\u00f3: &#8220;Els dimarts sumen!&#8221;"},"content":{"rendered":"<p>A partir d\u2019ara, cada dimarts trobareu un nou espai amb endevinalles, refranys, an\u00e8cdotes, acudits, not\u00edcies sorprenents i molt m\u00e9s!<\/p>\n<p>Una petita dosi setmanal per sumar coneixement, llengua i bon humor. No us ho perdeu!<\/p>\n<p>I comencem amb&#8230;. una not\u00edcia curiosa i tendra, amb final feli\u00e7:<\/p>\n<h4><span style=\"color: #800080;\"><strong>L\u2019odissea del gat que emociona dos pa\u00efsos<\/strong><\/span><\/h4>\n<p><a href=\"https:\/\/agora.xtec.cat\/cfasalvadordali\/wp-content\/uploads\/usu363\/2026\/01\/Filou.png\"><img loading=\"lazy\" decoding=\"async\" class=\"alignnone size-full wp-image-4169\" src=\"https:\/\/agora.xtec.cat\/cfasalvadordali\/wp-content\/uploads\/usu363\/2026\/01\/Filou.png\" alt=\"\" width=\"935\" height=\"429\" srcset=\"https:\/\/agora.xtec.cat\/cfasalvadordali\/wp-content\/uploads\/usu363\/2026\/01\/Filou.png 935w, https:\/\/agora.xtec.cat\/cfasalvadordali\/wp-content\/uploads\/usu363\/2026\/01\/Filou-300x138.png 300w, https:\/\/agora.xtec.cat\/cfasalvadordali\/wp-content\/uploads\/usu363\/2026\/01\/Filou-768x352.png 768w\" sizes=\"auto, (max-width: 935px) 100vw, 935px\" \/><\/a><\/p>\n<p><span style=\"font-weight: 400;\">L\u2019instint de superviv\u00e8ncia fel\u00ed ha assolit una dimensi\u00f3 \u00e8pica amb el retorn de Filou, un gat que ha aconseguit completar una travessia de 250 quil\u00f2metres despr\u00e9s de romandre cinc mesos desaparegut. L\u2019animal, que es va perdre en una \u00e0rea de servei catalana durant les vacances d\u2019estiu, acaba de retrobar-se amb els seus amos a la localitat francesa d\u2019Olonzac. \u00abVa travessar la frontera, les ciutats, els rius, per tornar a casa. \u00c9s incre\u00efble\u00bb, afirma amb emoci\u00f3 Patrick Sire, amo d&#8217;en Filou, despr\u00e9s del retrobament. <a href=\"https:\/\/www.leparisien.fr\/herault-34\/qui-a-croise-filou-lincroyable-histoire-du-chat-qui-a-traverse-les-frontieres-pour-retrouver-ses-maitres-17-01-2026-UZCLA5QZ2VHG7I2F5BCUCONKDY.php\">Enlla\u00e7 a la not\u00edcia<\/a><\/span><br \/>\n<span style=\"font-weight: 400;\"><a href=\"https:\/\/agora.xtec.cat\/cfasalvadordali\/wp-content\/uploads\/usu363\/2026\/01\/0b30b558d728099473fb7dd00605a25b.gif\"><img loading=\"lazy\" decoding=\"async\" class=\"alignnone wp-image-4170\" src=\"https:\/\/agora.xtec.cat\/cfasalvadordali\/wp-content\/uploads\/usu363\/2026\/01\/0b30b558d728099473fb7dd00605a25b.gif\" alt=\"\" width=\"72\" height=\"61\" \/><\/a><\/span><\/p>\n","protected":false},"excerpt":{"rendered":"<p>A partir d\u2019ara, cada dimarts trobareu un nou espai amb endevinalles, refranys, an\u00e8cdotes, acudits, not\u00edcies sorprenents i molt m\u00e9s!<br \/>\nUna petita dosi setmanal per sumar coneixement, llengua i bon humor. No us ho perdeu!<br \/>\nI comencem amb&#8230;. una not\u00edcia curiosa i tendra, amb final feli\u00e7:<br \/>\nL\u2019odissea del gat&hellip;  <a href=\"https:\/\/agora.xtec.cat\/cfasalvadordali\/portada\/encetem-una-nova-seccio-els-dimarts-sumen\/\" title=\"Read Encetem una nova secci\u00f3: &#8220;Els dimarts sumen!&#8221;\">Llegeix m\u00e9s\u00bb<\/a><\/p>\n","protected":false},"author":1,"featured_media":4170,"comment_status":"open","ping_status":"open","sticky":true,"template":"","format":"standard","meta":{"_bbp_topic_count":0,"_bbp_reply_count":0,"_bbp_total_topic_count":0,"_bbp_total_reply_count":0,"_bbp_voice_count":0,"_bbp_anonymous_reply_count":0,"_bbp_topic_count_hidden":0,"_bbp_reply_count_hidden":0,"_bbp_forum_subforum_count":0,"footnotes":""},"categories":[227,29],"tags":[],"class_list":["post-4168","post","type-post","status-publish","format-standard","has-post-thumbnail","hentry","category-els-dimarts-sumen","category-portada"],"post_mailing_queue_ids":[],"_links":{"self":[{"href":"https:\/\/agora.xtec.cat\/cfasalvadordali\/wp-json\/wp\/v2\/posts\/4168","targetHints":{"allow":["GET"]}}],"collection":[{"href":"https:\/\/agora.xtec.cat\/cfasalvadordali\/wp-json\/wp\/v2\/posts"}],"about":[{"href":"https:\/\/agora.xtec.cat\/cfasalvadordali\/wp-json\/wp\/v2\/types\/post"}],"author":[{"embeddable":true,"href":"https:\/\/agora.xtec.cat\/cfasalvadordali\/wp-json\/wp\/v2\/users\/1"}],"replies":[{"embeddable":true,"href":"https:\/\/agora.xtec.cat\/cfasalvadordali\/wp-json\/wp\/v2\/comments?post=4168"}],"version-history":[{"count":6,"href":"https:\/\/agora.xtec.cat\/cfasalvadordali\/wp-json\/wp\/v2\/posts\/4168\/revisions"}],"predecessor-version":[{"id":4209,"href":"https:\/\/agora.xtec.cat\/cfasalvadordali\/wp-json\/wp\/v2\/posts\/4168\/revisions\/4209"}],"wp:featuredmedia":[{"embeddable":true,"href":"https:\/\/agora.xtec.cat\/cfasalvadordali\/wp-json\/wp\/v2\/media\/4170"}],"wp:attachment":[{"href":"https:\/\/agora.xtec.cat\/cfasalvadordali\/wp-json\/wp\/v2\/media?parent=4168"}],"wp:term":[{"taxonomy":"category","embeddable":true,"href":"https:\/\/agora.xtec.cat\/cfasalvadordali\/wp-json\/wp\/v2\/categories?post=4168"},{"taxonomy":"post_tag","embeddable":true,"href":"https:\/\/agora.xtec.cat\/cfasalvadordali\/wp-json\/wp\/v2\/tags?post=4168"}],"curies":[{"name":"wp","href":"https:\/\/api.w.org\/{rel}","templated":true}]}}