{"id":4104,"date":"2025-12-10T09:58:14","date_gmt":"2025-12-10T08:58:14","guid":{"rendered":"https:\/\/agora.xtec.cat\/cfasalvadordali\/?p=4104"},"modified":"2025-12-10T09:58:42","modified_gmt":"2025-12-10T08:58:42","slug":"paraules-que-fan-cami","status":"publish","type":"post","link":"https:\/\/agora.xtec.cat\/cfasalvadordali\/general\/paraules-que-fan-cami\/","title":{"rendered":"Paraules que fan cam\u00ed"},"content":{"rendered":"<p>Us presentem <em data-start=\"196\" data-end=\"221\">Sense p\u00e8ls a la llengua<\/em>, un nou espai pensat per estimular el coneixement i l\u2019\u00fas del catal\u00e0 d\u2019una manera inspiradora, diversa i propera. La nostra voluntat \u00e9s que la llengua es mantingui viva, arrelada al dia a dia i compartida per tothom. Per aix\u00f2, cada publicaci\u00f3 girar\u00e0 al voltant d\u2019una <strong data-start=\"482\" data-end=\"498\">paraula clau<\/strong> que ens permetr\u00e0 explorar diferents dimensions ling\u00fc\u00edstiques i culturals.\u00a0Per comen\u00e7ar, la primera paraula que hem triat \u00e9s <strong>Benvinguda<\/strong>, un terme que simbolitza obertura, acollida i inici i per a fer-ho hem preparat cinc continguts diferents, cadascun amb una manera particular d\u2019apropar-nos a la llengua i a la cultura: un poema, una can\u00e7\u00f3, un lloc de Catalunya, un refrany i una endevinalla.<\/p>\n<p><iframe loading=\"lazy\" src=\"https:\/\/docs.google.com\/presentation\/d\/e\/2PACX-1vRlHNxAd8TRt0o_EwUI8dwink0J_U28CkOhA6jH-xnw0BDSocZmgPpN3bpRcKzCFA\/pubembed?start=false&amp;loop=false&amp;delayms=3000\" width=\"960\" height=\"569\" frameborder=\"0\" allowfullscreen=\"allowfullscreen\"><\/iframe><\/p>\n<p data-start=\"69\" data-end=\"415\">Us donem la <strong data-start=\"356\" data-end=\"370\">benvinguda<\/strong> a aquesta emocionant aventura ling\u00fc\u00edstica!<\/p>\n<p>Ep! Ens trobareu tamb\u00e9 al vest\u00edbul de l&#8217;\u00e0rea educativa.<\/p>\n","protected":false},"excerpt":{"rendered":"<p>Us presentem Sense p\u00e8ls a la llengua, un nou espai pensat per estimular el coneixement i l\u2019\u00fas del catal\u00e0 d\u2019una manera inspiradora, diversa i propera. La nostra voluntat \u00e9s que la llengua es mantingui viva, arrelada al dia a dia i compartida per tothom. Per&hellip;  <a href=\"https:\/\/agora.xtec.cat\/cfasalvadordali\/general\/paraules-que-fan-cami\/\" title=\"Read Paraules que fan cam\u00ed\">Llegeix m\u00e9s\u00bb<\/a><\/p>\n","protected":false},"author":54,"featured_media":4105,"comment_status":"open","ping_status":"open","sticky":true,"template":"","format":"standard","meta":{"_bbp_topic_count":0,"_bbp_reply_count":0,"_bbp_total_topic_count":0,"_bbp_total_reply_count":0,"_bbp_voice_count":0,"_bbp_anonymous_reply_count":0,"_bbp_topic_count_hidden":0,"_bbp_reply_count_hidden":0,"_bbp_forum_subforum_count":0,"footnotes":""},"categories":[1,29],"tags":[],"class_list":["post-4104","post","type-post","status-publish","format-standard","has-post-thumbnail","hentry","category-general","category-portada"],"post_mailing_queue_ids":[],"_links":{"self":[{"href":"https:\/\/agora.xtec.cat\/cfasalvadordali\/wp-json\/wp\/v2\/posts\/4104","targetHints":{"allow":["GET"]}}],"collection":[{"href":"https:\/\/agora.xtec.cat\/cfasalvadordali\/wp-json\/wp\/v2\/posts"}],"about":[{"href":"https:\/\/agora.xtec.cat\/cfasalvadordali\/wp-json\/wp\/v2\/types\/post"}],"author":[{"embeddable":true,"href":"https:\/\/agora.xtec.cat\/cfasalvadordali\/wp-json\/wp\/v2\/users\/54"}],"replies":[{"embeddable":true,"href":"https:\/\/agora.xtec.cat\/cfasalvadordali\/wp-json\/wp\/v2\/comments?post=4104"}],"version-history":[{"count":1,"href":"https:\/\/agora.xtec.cat\/cfasalvadordali\/wp-json\/wp\/v2\/posts\/4104\/revisions"}],"predecessor-version":[{"id":4106,"href":"https:\/\/agora.xtec.cat\/cfasalvadordali\/wp-json\/wp\/v2\/posts\/4104\/revisions\/4106"}],"wp:featuredmedia":[{"embeddable":true,"href":"https:\/\/agora.xtec.cat\/cfasalvadordali\/wp-json\/wp\/v2\/media\/4105"}],"wp:attachment":[{"href":"https:\/\/agora.xtec.cat\/cfasalvadordali\/wp-json\/wp\/v2\/media?parent=4104"}],"wp:term":[{"taxonomy":"category","embeddable":true,"href":"https:\/\/agora.xtec.cat\/cfasalvadordali\/wp-json\/wp\/v2\/categories?post=4104"},{"taxonomy":"post_tag","embeddable":true,"href":"https:\/\/agora.xtec.cat\/cfasalvadordali\/wp-json\/wp\/v2\/tags?post=4104"}],"curies":[{"name":"wp","href":"https:\/\/api.w.org\/{rel}","templated":true}]}}