{"id":4080,"date":"2025-10-28T08:34:21","date_gmt":"2025-10-28T07:34:21","guid":{"rendered":"https:\/\/agora.xtec.cat\/cfasalvadordali\/?p=4080"},"modified":"2025-10-28T08:37:05","modified_gmt":"2025-10-28T07:37:05","slug":"anem-per-feina-i-la-forca-de-rosa-parks","status":"publish","type":"post","link":"https:\/\/agora.xtec.cat\/cfasalvadordali\/general\/anem-per-feina-i-la-forca-de-rosa-parks\/","title":{"rendered":"&#8220;Anem per feina!&#8221; i la for\u00e7a de Rosa Parks"},"content":{"rendered":"<p>Els alumnes de <strong>Formaci\u00f3 Instrumental 3 i 4<\/strong> han estat treballant durant les darreres setmanes la Situaci\u00f3 d\u2019Aprenentatge <em><strong>\u201cAnem per feina!\u201d<\/strong><\/em>, un projecte pensat per desenvolupar compet\u00e8ncies per a la vida quotidiana i el m\u00f3n laboral. Al llarg de les sessions, han apr\u00e8s a gestionar un pressupost, redactar un curr\u00edculum i una carta de presentaci\u00f3, i preparar-se per a una entrevista de feina. Tot plegat, amb l\u2019objectiu de guanyar autonomia i confian\u00e7a en les seves pr\u00f2pies capacitats.<\/p>\n<p>En una de les sessions, hem volgut fer un <strong>par\u00e8ntesi inspirador<\/strong> per parlar de la <strong>Rosa Parks<\/strong>, una dona que amb el seu gest valent va canviar la hist\u00f2ria dels drets civils. A partir del seu exemple, l\u2019alumnat ha reflexionat sobre la igualtat, la just\u00edcia i la import\u00e0ncia d\u2019actuar amb determinaci\u00f3 davant les dificultats.<\/p>\n<p>El resultat d\u2019aquesta activitat ha estat un <strong>mural col\u00b7lectiu<\/strong>, on cada alumne ha escrit la seva reflexi\u00f3 personal dins d\u2019un petit autob\u00fas, simbolitzant aquell en qu\u00e8 Rosa Parks va decidir no aixecar-se. El mural \u00e9s una mostra visual i significativa del treball fet: una combinaci\u00f3 d\u2019<strong>aprenentatge, valors i expressi\u00f3 personal<\/strong>.<\/p>\n<p><a href=\"https:\/\/agora.xtec.cat\/cfasalvadordali\/wp-content\/uploads\/usu363\/2025\/10\/mural-Rosa-Parks-scaled.jpg\"><img loading=\"lazy\" decoding=\"async\" class=\"aligncenter size-large wp-image-4081\" src=\"https:\/\/agora.xtec.cat\/cfasalvadordali\/wp-content\/uploads\/usu363\/2025\/10\/mural-Rosa-Parks-1024x576.jpg\" alt=\"\" width=\"1024\" height=\"576\" srcset=\"https:\/\/agora.xtec.cat\/cfasalvadordali\/wp-content\/uploads\/usu363\/2025\/10\/mural-Rosa-Parks-1024x576.jpg 1024w, https:\/\/agora.xtec.cat\/cfasalvadordali\/wp-content\/uploads\/usu363\/2025\/10\/mural-Rosa-Parks-300x169.jpg 300w, https:\/\/agora.xtec.cat\/cfasalvadordali\/wp-content\/uploads\/usu363\/2025\/10\/mural-Rosa-Parks-768x432.jpg 768w, https:\/\/agora.xtec.cat\/cfasalvadordali\/wp-content\/uploads\/usu363\/2025\/10\/mural-Rosa-Parks-1536x863.jpg 1536w, https:\/\/agora.xtec.cat\/cfasalvadordali\/wp-content\/uploads\/usu363\/2025\/10\/mural-Rosa-Parks-2048x1151.jpg 2048w\" sizes=\"auto, (max-width: 1024px) 100vw, 1024px\" \/><\/a><\/p>\n","protected":false},"excerpt":{"rendered":"<p>Els alumnes de Formaci\u00f3 Instrumental 3 i 4 han estat treballant durant les darreres setmanes la Situaci\u00f3 d\u2019Aprenentatge \u201cAnem per feina!\u201d, un projecte pensat per desenvolupar compet\u00e8ncies per a la vida quotidiana i el m\u00f3n laboral. Al llarg de les sessions, han apr\u00e8s a gestionar&hellip;  <a href=\"https:\/\/agora.xtec.cat\/cfasalvadordali\/general\/anem-per-feina-i-la-forca-de-rosa-parks\/\" title=\"Read &#8220;Anem per feina!&#8221; i la for\u00e7a de Rosa Parks\">Llegeix m\u00e9s\u00bb<\/a><\/p>\n","protected":false},"author":54,"featured_media":4081,"comment_status":"open","ping_status":"open","sticky":true,"template":"","format":"standard","meta":{"_bbp_topic_count":0,"_bbp_reply_count":0,"_bbp_total_topic_count":0,"_bbp_total_reply_count":0,"_bbp_voice_count":0,"_bbp_anonymous_reply_count":0,"_bbp_topic_count_hidden":0,"_bbp_reply_count_hidden":0,"_bbp_forum_subforum_count":0,"footnotes":""},"categories":[95,146,1,29],"tags":[],"class_list":["post-4080","post","type-post","status-publish","format-standard","has-post-thumbnail","hentry","category-fi3","category-fi4","category-general","category-portada"],"post_mailing_queue_ids":[],"_links":{"self":[{"href":"https:\/\/agora.xtec.cat\/cfasalvadordali\/wp-json\/wp\/v2\/posts\/4080","targetHints":{"allow":["GET"]}}],"collection":[{"href":"https:\/\/agora.xtec.cat\/cfasalvadordali\/wp-json\/wp\/v2\/posts"}],"about":[{"href":"https:\/\/agora.xtec.cat\/cfasalvadordali\/wp-json\/wp\/v2\/types\/post"}],"author":[{"embeddable":true,"href":"https:\/\/agora.xtec.cat\/cfasalvadordali\/wp-json\/wp\/v2\/users\/54"}],"replies":[{"embeddable":true,"href":"https:\/\/agora.xtec.cat\/cfasalvadordali\/wp-json\/wp\/v2\/comments?post=4080"}],"version-history":[{"count":1,"href":"https:\/\/agora.xtec.cat\/cfasalvadordali\/wp-json\/wp\/v2\/posts\/4080\/revisions"}],"predecessor-version":[{"id":4082,"href":"https:\/\/agora.xtec.cat\/cfasalvadordali\/wp-json\/wp\/v2\/posts\/4080\/revisions\/4082"}],"wp:featuredmedia":[{"embeddable":true,"href":"https:\/\/agora.xtec.cat\/cfasalvadordali\/wp-json\/wp\/v2\/media\/4081"}],"wp:attachment":[{"href":"https:\/\/agora.xtec.cat\/cfasalvadordali\/wp-json\/wp\/v2\/media?parent=4080"}],"wp:term":[{"taxonomy":"category","embeddable":true,"href":"https:\/\/agora.xtec.cat\/cfasalvadordali\/wp-json\/wp\/v2\/categories?post=4080"},{"taxonomy":"post_tag","embeddable":true,"href":"https:\/\/agora.xtec.cat\/cfasalvadordali\/wp-json\/wp\/v2\/tags?post=4080"}],"curies":[{"name":"wp","href":"https:\/\/api.w.org\/{rel}","templated":true}]}}