{"id":4052,"date":"2025-10-04T23:48:04","date_gmt":"2025-10-04T21:48:04","guid":{"rendered":"https:\/\/agora.xtec.cat\/cfasalvadordali\/?p=4052"},"modified":"2025-10-06T22:23:08","modified_gmt":"2025-10-06T20:23:08","slug":"cronica-dun-nou-comencament","status":"publish","type":"post","link":"https:\/\/agora.xtec.cat\/cfasalvadordali\/portada\/cronica-dun-nou-comencament\/","title":{"rendered":"Cr\u00f2nica d&#8217;un nou comen\u00e7ament"},"content":{"rendered":"<p>L\u2019alumnat de GES 1 comparteix les seves primeres impressions sobre la seva arribada a l\u2019escola\u00a0 i la primera setmana de classes. Ha estat un temps ple de descobriments: con\u00e8ixer els nous companys, entendre millor com funciona el GES i familiaritzar-se amb les eines que utilitzarem al llarg del curs, com ara el web de l\u2019escola. A m\u00e9s, hem fet tutories d\u2019aula i hem comen\u00e7at a organitzar i planificar el curs, establint objectius comuns i maneres de treballar. Aquest primer contacte ha estat una gran oportunitat per crear vincles, compartir experi\u00e8ncies i comen\u00e7ar a construir un bon clima de conviv\u00e8ncia i aprenentatge. L\u2019article recull les veus de l\u2019alumnat, que expliquen com han viscut aquests primers dies, qu\u00e8 els ha sorpr\u00e8s m\u00e9s i quines s\u00f3n les seves expectatives per al nou curs.<\/p>\n<p><iframe loading=\"lazy\" src=\"https:\/\/docs.google.com\/presentation\/d\/e\/2PACX-1vQ9BNB7GuibERZtTMvUzp7ut9y7TGOfVroIaY4LQcLqeneAQ0RXdb3FkEWsSHEpgg\/pubembed?start=false&#038;loop=false&#038;delayms=10000\" frameborder=\"0\" width=\"1080\" height=\"1378\" allowfullscreen=\"true\" mozallowfullscreen=\"true\" webkitallowfullscreen=\"true\"><\/iframe><\/p>\n","protected":false},"excerpt":{"rendered":"<p>L\u2019alumnat de GES 1 comparteix les seves primeres impressions sobre la seva arribada a l\u2019escola\u00a0 i la primera setmana de classes. Ha estat un temps ple de descobriments: con\u00e8ixer els nous companys, entendre millor com funciona el GES i familiaritzar-se amb les eines que utilitzarem&hellip;  <a href=\"https:\/\/agora.xtec.cat\/cfasalvadordali\/portada\/cronica-dun-nou-comencament\/\" title=\"Read Cr\u00f2nica d&#8217;un nou comen\u00e7ament\">Llegeix m\u00e9s\u00bb<\/a><\/p>\n","protected":false},"author":54,"featured_media":4068,"comment_status":"open","ping_status":"open","sticky":true,"template":"","format":"standard","meta":{"_bbp_topic_count":0,"_bbp_reply_count":0,"_bbp_total_topic_count":0,"_bbp_total_reply_count":0,"_bbp_voice_count":0,"_bbp_anonymous_reply_count":0,"_bbp_topic_count_hidden":0,"_bbp_reply_count_hidden":0,"_bbp_forum_subforum_count":0,"footnotes":""},"categories":[84,29],"tags":[],"class_list":["post-4052","post","type-post","status-publish","format-standard","has-post-thumbnail","hentry","category-ges1","category-portada"],"post_mailing_queue_ids":[],"_links":{"self":[{"href":"https:\/\/agora.xtec.cat\/cfasalvadordali\/wp-json\/wp\/v2\/posts\/4052","targetHints":{"allow":["GET"]}}],"collection":[{"href":"https:\/\/agora.xtec.cat\/cfasalvadordali\/wp-json\/wp\/v2\/posts"}],"about":[{"href":"https:\/\/agora.xtec.cat\/cfasalvadordali\/wp-json\/wp\/v2\/types\/post"}],"author":[{"embeddable":true,"href":"https:\/\/agora.xtec.cat\/cfasalvadordali\/wp-json\/wp\/v2\/users\/54"}],"replies":[{"embeddable":true,"href":"https:\/\/agora.xtec.cat\/cfasalvadordali\/wp-json\/wp\/v2\/comments?post=4052"}],"version-history":[{"count":6,"href":"https:\/\/agora.xtec.cat\/cfasalvadordali\/wp-json\/wp\/v2\/posts\/4052\/revisions"}],"predecessor-version":[{"id":4070,"href":"https:\/\/agora.xtec.cat\/cfasalvadordali\/wp-json\/wp\/v2\/posts\/4052\/revisions\/4070"}],"wp:featuredmedia":[{"embeddable":true,"href":"https:\/\/agora.xtec.cat\/cfasalvadordali\/wp-json\/wp\/v2\/media\/4068"}],"wp:attachment":[{"href":"https:\/\/agora.xtec.cat\/cfasalvadordali\/wp-json\/wp\/v2\/media?parent=4052"}],"wp:term":[{"taxonomy":"category","embeddable":true,"href":"https:\/\/agora.xtec.cat\/cfasalvadordali\/wp-json\/wp\/v2\/categories?post=4052"},{"taxonomy":"post_tag","embeddable":true,"href":"https:\/\/agora.xtec.cat\/cfasalvadordali\/wp-json\/wp\/v2\/tags?post=4052"}],"curies":[{"name":"wp","href":"https:\/\/api.w.org\/{rel}","templated":true}]}}