{"id":3909,"date":"2025-06-09T21:30:57","date_gmt":"2025-06-09T19:30:57","guid":{"rendered":"https:\/\/agora.xtec.cat\/cfasalvadordali\/?p=3909"},"modified":"2025-06-11T17:35:52","modified_gmt":"2025-06-11T15:35:52","slug":"un-debat-que-obre-camins","status":"publish","type":"post","link":"https:\/\/agora.xtec.cat\/cfasalvadordali\/general\/un-debat-que-obre-camins\/","title":{"rendered":"Un debat que obre camins"},"content":{"rendered":"<p><strong>Article redactat per l&#8217;alumne d&#8217;Estudis a dist\u00e0ncia JM. R<\/strong><\/p>\n<p><strong>El passat 29 de maig de 2025 la Universitat Pompeu Fabra (UPF) va acollir el Debat final entre l\u2019equip Camins Lliures i un equip d\u2019estudiants de la universitat. Es tracta d\u2019una iniciativa que promou el pensament cr\u00edtic i la reinserci\u00f3 social a trav\u00e9s del debat acad\u00e8mic. L\u2019equip, integrat per diversos interns que han participat en tallers formatius i sessions de debat, es va enfrontar a una complexa q\u00fcesti\u00f3: \u201cCalen requisits m\u00ednims per votar?\u201d. Amb una intervenci\u00f3 s\u00f2lida, rigorosa i plena d\u2019arguments matisats, l\u2019equip de Camins Lliures va aconseguir conv\u00e8ncer el jurat i es va <\/strong><strong>proclamar guanyador del debat final, com tamb\u00e9 va passar l\u2019any anterior. <\/strong><\/p>\n<p>Despr\u00e9s del debat ens van fer un tour tur\u00edstic per la universitat, on vam veure el Dip\u00f2sit de les Aig\u00fces, que ara es una biblioteca funcional, l\u2019Edifici Ramon Turr\u00f3, on hi ha aules i el servei d\u2019inform\u00e0tica, l\u2019Edifici Roger de Ll\u00faria ,on trobem l\u2019arxiu, el Departament i la facultat de Dret, el Departament i la facultat d\u2019Economia i Empresa, el Servei d\u2019Atenci\u00f3 a la Comunitat Universit\u00e0ria (SACU), el Servei de Relacions Internacionals, la Unitat d\u2019Igualtat i la Oficina de Programaci\u00f3 i Planificaci\u00f3 d\u2019Estudis, l\u2019espai T\u00e0pies, el servei d\u2019assessorament psicol\u00f2gic, el Servei d\u2019inform\u00e0tica,el punt d\u2019informaci\u00f3 de l\u2019estudiant, i moltes coses m\u00e9s que segur em deixo.<\/p>\n<p>L\u2019edifici Jaume I, igual que el seu ve\u00ed Roger de Ll\u00faria, originalment van ser constru\u00efts i utilitzats com una caserna militar. El 1996 es va acabar la rehabilitaci\u00f3 i va comen\u00e7ar a funcionar para usos universitaris. M\u00e9s tard vam fer el dinar de germanor, on vam tenir la sorpresa que algun estudiant que va participar l\u2019any passat tamb\u00e9 va vindre. Vam riure i posar en com\u00fa an\u00e8cdotes del debat.<\/p>\n<p>Pels alumnes del CFA Salvador Dal\u00ed, aquesta sortida va significar molt m\u00e9s que una sortida puntual. Va ser una oportunitat per demostrar que el talent, el comprom\u00eds i la capacitat de raonar no tenen murs. Vam poder parlar i escoltar com uns ciutadans m\u00e9s, en un entorn que aposta per la inclusi\u00f3 i el pensament lliure.<\/p>\n<p>Experi\u00e8ncies com aquesta mostren que el debat no nom\u00e9s canvia opinions, sin\u00f3 tamb\u00e9 vides. I que, a vegades, caminar cap a la llibertat comen\u00e7a amb una idea ben defensada.<\/p>\n","protected":false},"excerpt":{"rendered":"<p>Article redactat per l&#8217;alumne d&#8217;Estudis a dist\u00e0ncia JM. R<br \/>\nEl passat 29 de maig de 2025 la Universitat Pompeu Fabra (UPF) va acollir el Debat final entre l\u2019equip Camins Lliures i un equip d\u2019estudiants de la universitat. Es tracta d\u2019una iniciativa que promou el pensament cr\u00edtic&hellip;  <a href=\"https:\/\/agora.xtec.cat\/cfasalvadordali\/general\/un-debat-que-obre-camins\/\" title=\"Read Un debat que obre camins\">Llegeix m\u00e9s\u00bb<\/a><\/p>\n","protected":false},"author":1,"featured_media":0,"comment_status":"open","ping_status":"open","sticky":false,"template":"","format":"standard","meta":{"_bbp_topic_count":0,"_bbp_reply_count":0,"_bbp_total_topic_count":0,"_bbp_total_reply_count":0,"_bbp_voice_count":0,"_bbp_anonymous_reply_count":0,"_bbp_topic_count_hidden":0,"_bbp_reply_count_hidden":0,"_bbp_forum_subforum_count":0,"footnotes":""},"categories":[1,29],"tags":[218,219],"class_list":["post-3909","post","type-post","status-publish","format-standard","hentry","category-general","category-portada","tag-lligadedebat","tag-sortidaprogramada"],"post_mailing_queue_ids":[],"_links":{"self":[{"href":"https:\/\/agora.xtec.cat\/cfasalvadordali\/wp-json\/wp\/v2\/posts\/3909","targetHints":{"allow":["GET"]}}],"collection":[{"href":"https:\/\/agora.xtec.cat\/cfasalvadordali\/wp-json\/wp\/v2\/posts"}],"about":[{"href":"https:\/\/agora.xtec.cat\/cfasalvadordali\/wp-json\/wp\/v2\/types\/post"}],"author":[{"embeddable":true,"href":"https:\/\/agora.xtec.cat\/cfasalvadordali\/wp-json\/wp\/v2\/users\/1"}],"replies":[{"embeddable":true,"href":"https:\/\/agora.xtec.cat\/cfasalvadordali\/wp-json\/wp\/v2\/comments?post=3909"}],"version-history":[{"count":3,"href":"https:\/\/agora.xtec.cat\/cfasalvadordali\/wp-json\/wp\/v2\/posts\/3909\/revisions"}],"predecessor-version":[{"id":3931,"href":"https:\/\/agora.xtec.cat\/cfasalvadordali\/wp-json\/wp\/v2\/posts\/3909\/revisions\/3931"}],"wp:attachment":[{"href":"https:\/\/agora.xtec.cat\/cfasalvadordali\/wp-json\/wp\/v2\/media?parent=3909"}],"wp:term":[{"taxonomy":"category","embeddable":true,"href":"https:\/\/agora.xtec.cat\/cfasalvadordali\/wp-json\/wp\/v2\/categories?post=3909"},{"taxonomy":"post_tag","embeddable":true,"href":"https:\/\/agora.xtec.cat\/cfasalvadordali\/wp-json\/wp\/v2\/tags?post=3909"}],"curies":[{"name":"wp","href":"https:\/\/api.w.org\/{rel}","templated":true}]}}