{"id":3872,"date":"2025-05-19T13:53:23","date_gmt":"2025-05-19T11:53:23","guid":{"rendered":"https:\/\/agora.xtec.cat\/cfasalvadordali\/?p=3872"},"modified":"2025-05-19T13:54:29","modified_gmt":"2025-05-19T11:54:29","slug":"dia-mundial-de-lesport","status":"publish","type":"post","link":"https:\/\/agora.xtec.cat\/cfasalvadordali\/portada\/dia-mundial-de-lesport\/","title":{"rendered":"DIA MUNDIAL DE L&#8217;ESPORT"},"content":{"rendered":"<p>Com cada curs, l&#8217;escola recorda la import\u00e0ncia de fer esport per guanyar salut.<\/p>\n<p>La Bea, Infermera del Centre, ens ha explicat quina repercussi\u00f3 t\u00e9 pel nostre cos fer exercici f\u00edsic i quins riscos t\u00e9 una vida sedent\u00e0ria.<\/p>\n<p><a href=\"https:\/\/agora.xtec.cat\/cfasalvadordali\/wp-content\/uploads\/usu363\/2025\/05\/IMG-20250411-WA0009.jpg\"><img loading=\"lazy\" decoding=\"async\" class=\"alignnone  wp-image-3874\" src=\"https:\/\/agora.xtec.cat\/cfasalvadordali\/wp-content\/uploads\/usu363\/2025\/05\/IMG-20250411-WA0009-768x1024.jpg\" alt=\"\" width=\"470\" height=\"627\" srcset=\"https:\/\/agora.xtec.cat\/cfasalvadordali\/wp-content\/uploads\/usu363\/2025\/05\/IMG-20250411-WA0009-768x1024.jpg 768w, https:\/\/agora.xtec.cat\/cfasalvadordali\/wp-content\/uploads\/usu363\/2025\/05\/IMG-20250411-WA0009-225x300.jpg 225w, https:\/\/agora.xtec.cat\/cfasalvadordali\/wp-content\/uploads\/usu363\/2025\/05\/IMG-20250411-WA0009-1152x1536.jpg 1152w, https:\/\/agora.xtec.cat\/cfasalvadordali\/wp-content\/uploads\/usu363\/2025\/05\/IMG-20250411-WA0009.jpg 1530w\" sizes=\"auto, (max-width: 470px) 100vw, 470px\" \/><\/a><\/p>\n<p>Agra\u00efm la col\u00b7laboraci\u00f3 amb l&#8217;equip de salut del centre penitenciari.<\/p>\n","protected":false},"excerpt":{"rendered":"<p>Com cada curs, l&#8217;escola recorda la import\u00e0ncia de fer esport per guanyar salut.<br \/>\nLa Bea, Infermera del Centre, ens ha explicat quina repercussi\u00f3 t\u00e9 pel nostre cos fer exercici f\u00edsic i quins riscos t\u00e9 una vida sedent\u00e0ria.<br \/>\n<a href=\"https:\/\/agora.xtec.cat\/cfasalvadordali\/wp-content\/uploads\/usu363\/2025\/05\/IMG-20250411-WA0009.jpg\"><\/a><br \/>\nAgra\u00efm la col\u00b7laboraci\u00f3 amb l&#8217;equip de salut del centre&hellip;  <a href=\"https:\/\/agora.xtec.cat\/cfasalvadordali\/portada\/dia-mundial-de-lesport\/\" title=\"Read DIA MUNDIAL DE L&#8217;ESPORT\">Llegeix m\u00e9s\u00bb<\/a><\/p>\n","protected":false},"author":1,"featured_media":3873,"comment_status":"open","ping_status":"closed","sticky":false,"template":"","format":"standard","meta":{"_bbp_topic_count":0,"_bbp_reply_count":0,"_bbp_total_topic_count":0,"_bbp_total_reply_count":0,"_bbp_voice_count":0,"_bbp_anonymous_reply_count":0,"_bbp_topic_count_hidden":0,"_bbp_reply_count_hidden":0,"_bbp_forum_subforum_count":0,"footnotes":""},"categories":[96,29],"tags":[],"class_list":["post-3872","post","type-post","status-publish","format-standard","has-post-thumbnail","hentry","category-activitats-culturals","category-portada"],"post_mailing_queue_ids":[],"_links":{"self":[{"href":"https:\/\/agora.xtec.cat\/cfasalvadordali\/wp-json\/wp\/v2\/posts\/3872","targetHints":{"allow":["GET"]}}],"collection":[{"href":"https:\/\/agora.xtec.cat\/cfasalvadordali\/wp-json\/wp\/v2\/posts"}],"about":[{"href":"https:\/\/agora.xtec.cat\/cfasalvadordali\/wp-json\/wp\/v2\/types\/post"}],"author":[{"embeddable":true,"href":"https:\/\/agora.xtec.cat\/cfasalvadordali\/wp-json\/wp\/v2\/users\/1"}],"replies":[{"embeddable":true,"href":"https:\/\/agora.xtec.cat\/cfasalvadordali\/wp-json\/wp\/v2\/comments?post=3872"}],"version-history":[{"count":4,"href":"https:\/\/agora.xtec.cat\/cfasalvadordali\/wp-json\/wp\/v2\/posts\/3872\/revisions"}],"predecessor-version":[{"id":3878,"href":"https:\/\/agora.xtec.cat\/cfasalvadordali\/wp-json\/wp\/v2\/posts\/3872\/revisions\/3878"}],"wp:featuredmedia":[{"embeddable":true,"href":"https:\/\/agora.xtec.cat\/cfasalvadordali\/wp-json\/wp\/v2\/media\/3873"}],"wp:attachment":[{"href":"https:\/\/agora.xtec.cat\/cfasalvadordali\/wp-json\/wp\/v2\/media?parent=3872"}],"wp:term":[{"taxonomy":"category","embeddable":true,"href":"https:\/\/agora.xtec.cat\/cfasalvadordali\/wp-json\/wp\/v2\/categories?post=3872"},{"taxonomy":"post_tag","embeddable":true,"href":"https:\/\/agora.xtec.cat\/cfasalvadordali\/wp-json\/wp\/v2\/tags?post=3872"}],"curies":[{"name":"wp","href":"https:\/\/api.w.org\/{rel}","templated":true}]}}