{"id":3846,"date":"2025-05-19T09:51:40","date_gmt":"2025-05-19T07:51:40","guid":{"rendered":"https:\/\/agora.xtec.cat\/cfasalvadordali\/?p=3846"},"modified":"2025-05-19T09:51:40","modified_gmt":"2025-05-19T07:51:40","slug":"el-professorat-es-forma-en-la-creacio-de-podcasts-com-a-eina-educativa","status":"publish","type":"post","link":"https:\/\/agora.xtec.cat\/cfasalvadordali\/general\/el-professorat-es-forma-en-la-creacio-de-podcasts-com-a-eina-educativa\/","title":{"rendered":"El professorat es forma en la creaci\u00f3 de podcasts com a eina educativa"},"content":{"rendered":"<p data-start=\"193\" data-end=\"592\">El passat 14 de maig, el claustre del nostre centre va participar en una jornada formativa sobre la creaci\u00f3 de <em>podcasts<\/em> i el seu \u00fas com a recurs pedag\u00f2gic a les aules. Aquesta iniciativa ha estat impulsada per la Comissi\u00f3 Digital del centre, amb l\u2019objectiu de promoure metodologies que apropin l\u2019aprenentatge als interessos i realitats de l\u2019alumnat.<\/p>\n<p data-start=\"594\" data-end=\"932\">La formaci\u00f3 s\u2019ha dut a terme utilitzant el material de la <em>Maleta Audiovisual,<\/em> una dotaci\u00f3 rebuda recentment que permet treballar amb equips professionals de gravaci\u00f3 de so i imatge. Aquesta eina ha estat clau per familiaritzar el personal docent amb els recursos t\u00e8cnics necessaris per a la producci\u00f3 de continguts sonors de qualitat.<\/p>\n<p data-start=\"934\" data-end=\"1230\">El professorat ha treballat en equips, experimentant amb la creaci\u00f3 de guions, l\u2019enregistrament i la planificaci\u00f3 de <em>podcasts<\/em> adaptats als diferents \u00e0mbits formatius que s\u2019imparteixen al centre. L\u2019enfocament col\u00b7laboratiu ha afavorit l\u2019intercanvi d\u2019idees, la reflexi\u00f3 compartida i la creativitat.<\/p>\n<p data-start=\"1232\" data-end=\"1456\">La formaci\u00f3 continuar\u00e0 pr\u00f2ximament amb c\u00e0psules espec\u00edfiques sobre l\u2019edici\u00f3 de <em>podcasts<\/em> que permetran aprofundir en aspectes t\u00e8cnics com la postproducci\u00f3, l\u2019\u00fas de programari lliure i la difusi\u00f3 dels continguts generats.<\/p>\n<p data-start=\"1458\" data-end=\"1655\">Amb aquesta iniciativa, el CFA continua apostant per la transformaci\u00f3 digital i el comprom\u00eds amb una educaci\u00f3 de qualitat, participativa i significativa per a totes les persones que en formen part.<\/p>\n","protected":false},"excerpt":{"rendered":"<p>El passat 14 de maig, el claustre del nostre centre va participar en una jornada formativa sobre la creaci\u00f3 de podcasts i el seu \u00fas com a recurs pedag\u00f2gic a les aules. Aquesta iniciativa ha estat impulsada per la Comissi\u00f3 Digital del centre, amb l\u2019objectiu&hellip;  <a href=\"https:\/\/agora.xtec.cat\/cfasalvadordali\/general\/el-professorat-es-forma-en-la-creacio-de-podcasts-com-a-eina-educativa\/\" title=\"Read El professorat es forma en la creaci\u00f3 de podcasts com a eina educativa\">Llegeix m\u00e9s\u00bb<\/a><\/p>\n","protected":false},"author":1,"featured_media":3848,"comment_status":"open","ping_status":"closed","sticky":false,"template":"","format":"standard","meta":{"_bbp_topic_count":0,"_bbp_reply_count":0,"_bbp_total_topic_count":0,"_bbp_total_reply_count":0,"_bbp_voice_count":0,"_bbp_anonymous_reply_count":0,"_bbp_topic_count_hidden":0,"_bbp_reply_count_hidden":0,"_bbp_forum_subforum_count":0,"footnotes":""},"categories":[208,1,29],"tags":[210,211,209,212],"class_list":["post-3846","post","type-post","status-publish","format-standard","has-post-thumbnail","hentry","category-activitats-de-formacio","category-general","category-portada","tag-comissiodigital","tag-formacio","tag-podcast","tag-professorat"],"post_mailing_queue_ids":[],"_links":{"self":[{"href":"https:\/\/agora.xtec.cat\/cfasalvadordali\/wp-json\/wp\/v2\/posts\/3846","targetHints":{"allow":["GET"]}}],"collection":[{"href":"https:\/\/agora.xtec.cat\/cfasalvadordali\/wp-json\/wp\/v2\/posts"}],"about":[{"href":"https:\/\/agora.xtec.cat\/cfasalvadordali\/wp-json\/wp\/v2\/types\/post"}],"author":[{"embeddable":true,"href":"https:\/\/agora.xtec.cat\/cfasalvadordali\/wp-json\/wp\/v2\/users\/1"}],"replies":[{"embeddable":true,"href":"https:\/\/agora.xtec.cat\/cfasalvadordali\/wp-json\/wp\/v2\/comments?post=3846"}],"version-history":[{"count":2,"href":"https:\/\/agora.xtec.cat\/cfasalvadordali\/wp-json\/wp\/v2\/posts\/3846\/revisions"}],"predecessor-version":[{"id":3849,"href":"https:\/\/agora.xtec.cat\/cfasalvadordali\/wp-json\/wp\/v2\/posts\/3846\/revisions\/3849"}],"wp:featuredmedia":[{"embeddable":true,"href":"https:\/\/agora.xtec.cat\/cfasalvadordali\/wp-json\/wp\/v2\/media\/3848"}],"wp:attachment":[{"href":"https:\/\/agora.xtec.cat\/cfasalvadordali\/wp-json\/wp\/v2\/media?parent=3846"}],"wp:term":[{"taxonomy":"category","embeddable":true,"href":"https:\/\/agora.xtec.cat\/cfasalvadordali\/wp-json\/wp\/v2\/categories?post=3846"},{"taxonomy":"post_tag","embeddable":true,"href":"https:\/\/agora.xtec.cat\/cfasalvadordali\/wp-json\/wp\/v2\/tags?post=3846"}],"curies":[{"name":"wp","href":"https:\/\/api.w.org\/{rel}","templated":true}]}}