{"id":3834,"date":"2025-05-10T16:51:26","date_gmt":"2025-05-10T14:51:26","guid":{"rendered":"https:\/\/agora.xtec.cat\/cfasalvadordali\/?p=3834"},"modified":"2025-05-12T16:26:40","modified_gmt":"2025-05-12T14:26:40","slug":"formacio-en-cnvcomunicacio-no-violenta-i-presa-de-decisions-a-lescola","status":"publish","type":"post","link":"https:\/\/agora.xtec.cat\/cfasalvadordali\/portada\/formacio-en-cnvcomunicacio-no-violenta-i-presa-de-decisions-a-lescola\/","title":{"rendered":"FORMACI\u00d3 EN CNV (COMUNICACI\u00d3 NO VIOLENTA) I PRESA DE DECISIONS A L&#8217;ESCOLA"},"content":{"rendered":"<p><a href=\"https:\/\/agora.xtec.cat\/cfasalvadordali\/wp-content\/uploads\/usu363\/2025\/05\/1-3.png\"><img loading=\"lazy\" decoding=\"async\" class=\"alignleft wp-image-3835 size-full\" src=\"https:\/\/agora.xtec.cat\/cfasalvadordali\/wp-content\/uploads\/usu363\/2025\/05\/1-3.png\" alt=\"\" width=\"646\" height=\"504\" srcset=\"https:\/\/agora.xtec.cat\/cfasalvadordali\/wp-content\/uploads\/usu363\/2025\/05\/1-3.png 646w, https:\/\/agora.xtec.cat\/cfasalvadordali\/wp-content\/uploads\/usu363\/2025\/05\/1-3-300x234.png 300w\" sizes=\"auto, (max-width: 646px) 100vw, 646px\" \/><\/a><\/p>\n<article class=\"text-token-text-primary w-full\" dir=\"auto\" data-testid=\"conversation-turn-50\" data-scroll-anchor=\"true\">\n<div class=\"text-base my-auto mx-auto py-5 [--thread-content-margin:--spacing(4)] @[37rem]:[--thread-content-margin:--spacing(6)] @[72rem]:[--thread-content-margin:--spacing(16)] px-(--thread-content-margin)\">\n<div class=\"[--thread-content-max-width:32rem] @[34rem]:[--thread-content-max-width:40rem] @[64rem]:[--thread-content-max-width:48rem] mx-auto flex max-w-(--thread-content-max-width) flex-1 text-base gap-4 md:gap-5 lg:gap-6 group\/turn-messages focus-visible:outline-hidden\" tabindex=\"-1\">\n<div class=\"group\/conversation-turn relative flex w-full min-w-0 flex-col agent-turn\">\n<div class=\"relative flex-col gap-1 md:gap-3\">\n<div class=\"flex max-w-full flex-col grow\">\n<div class=\"min-h-8 text-message relative flex w-full flex-col items-end gap-2 text-start break-words whitespace-normal [.text-message+&amp;]:mt-5\" dir=\"auto\" data-message-author-role=\"assistant\" data-message-id=\"ea55c34d-519e-4122-a4cf-2ca1f8870c7e\" data-message-model-slug=\"gpt-4o\">\n<div class=\"flex w-full flex-col gap-1 empty:hidden first:pt-[3px]\">\n<div class=\"markdown prose dark:prose-invert w-full break-words light\">\n<p data-start=\"85\" data-end=\"426\">\n<p data-start=\"85\" data-end=\"426\">\n<p class=\"\" data-start=\"85\" data-end=\"426\">\u00a0Els docents del <strong data-start=\"101\" data-end=\"122\">CFA Salvador Dal\u00ed<\/strong> hem participat recentment en una formaci\u00f3 amb <strong data-start=\"169\" data-end=\"188\">Tatiana Sibilla<\/strong> centrada en dos grans temes: la <strong data-start=\"221\" data-end=\"254\">Comunicaci\u00f3 No Violenta (CNV)<\/strong> i <strong data-start=\"257\" data-end=\"305\">Com arribar a acords i la presa de decisions<\/strong>. Aquesta formaci\u00f3 ens ha perm\u00e8s treballar habilitats essencials per a la nostra tasca docent i la gesti\u00f3 de relacions.<\/p>\n<p class=\"\" data-start=\"428\" data-end=\"699\">D\u2019una banda, hem explorat les bases de la <strong data-start=\"470\" data-end=\"497\">Comunicaci\u00f3 No Violenta<\/strong>, un model que ens convida a comunicar-nos de manera clara i emp\u00e0tica, promovent l\u2019escolta activa i l\u2019expressi\u00f3 honesta per reduir els malentesos i fomentar relacions m\u00e9s respectuoses i constructives.<\/p>\n<p class=\"\" data-start=\"701\" data-end=\"1295\">D\u2019altra banda, hem treballat, de manera pr\u00e0ctica, estrat\u00e8gies per arribar a acords, aprenent a construir i prendre decisions de manera col\u00b7laborat iva. En aquest proc\u00e9s, hem conegut\u00a0 el model de <strong data-start=\"927\" data-end=\"942\">sociocr\u00e0cia<\/strong>, un sistema d\u2019autogovernan\u00e7a que distribueix la presa de decisions de manera equitativa a trav\u00e9s d\u2019estructures circulars, permetent que tots els membres participin activament en la gesti\u00f3 de l\u2019organitzaci\u00f3. Aquest model promou la igualtat de poder, l\u2019efic\u00e0cia i la transpar\u00e8ncia, valors que volem incorporar en el nostre dia a dia com a equip docent.<\/p>\n<p class=\"\" data-start=\"1297\" data-end=\"1497\">Estem conven\u00e7uts que aquestes eines ens ajudaran a millorar la comunicaci\u00f3 amb els nostres alumnes i companys, i a construir una cultura de centre on la col\u00b7laboraci\u00f3 i l\u2019empatia siguin fonamentals.<\/p>\n<p class=\"\" data-start=\"1499\" data-end=\"1613\">Si voleu saber m\u00e9s sobre la <strong data-start=\"1527\" data-end=\"1546\">Tatiana Sibilla<\/strong>, podeu seguir <strong data-start=\"1561\" data-end=\"1612\"><a class=\"\" href=\"https:\/\/www.tatianasibilla.com\" target=\"_new\" rel=\"noopener\" data-start=\"1563\" data-end=\"1610\">aquest enlla\u00e7<\/a><\/strong>.<\/p>\n<\/div>\n<\/div>\n<\/div>\n<\/div>\n<div class=\"flex justify-start\">\n<div class=\"touch:-me-2 touch:-ms-3.5 -ms-2.5 -me-1 flex items-center p-1 select-none -mt-1 duration-[1.5s] focus-within:transition-none hover:transition-none pointer-events-none [mask-image:linear-gradient(to_right,black_33%,transparent_66%)] [mask-position:100%_0%] [mask-size:300%_100%] motion-safe:transition-[mask-position] group-hover\/turn-messages:pointer-events-auto group-hover\/turn-messages:[mask-position:0_0] group-focus-within\/turn-messages:pointer-events-auto group-focus-within\/turn-messages:[mask-position:0_0] has-data-[state=open]:pointer-events-auto has-data-[state=open]:[mask-position:0_0]\"><\/div>\n<\/div>\n<\/div>\n<div class=\"absolute\">\n<div class=\"flex items-center justify-center\"><\/div>\n<\/div>\n<\/div>\n<\/div>\n<\/div>\n<\/article>\n<p><a href=\"https:\/\/www.integracionrelacional.com\/sobre-miacute.html\">https:\/\/www.integracionrelacional.com\/sobre-miacute.html<\/a><\/p>\n","protected":false},"excerpt":{"rendered":"<p><a href=\"https:\/\/agora.xtec.cat\/cfasalvadordali\/wp-content\/uploads\/usu363\/2025\/05\/1-3.png\"><\/a><\/p>\n<p>\u00a0Els docents del CFA Salvador Dal\u00ed hem participat recentment en una formaci\u00f3 amb Tatiana Sibilla centrada en dos grans temes: la Comunicaci\u00f3 No Violenta (CNV) i Com arribar a acords i la presa de decisions. Aquesta formaci\u00f3 ens ha perm\u00e8s treballar habilitats essencials per&hellip;  <a href=\"https:\/\/agora.xtec.cat\/cfasalvadordali\/portada\/formacio-en-cnvcomunicacio-no-violenta-i-presa-de-decisions-a-lescola\/\" title=\"Read FORMACI\u00d3 EN CNV (COMUNICACI\u00d3 NO VIOLENTA) I PRESA DE DECISIONS A L&#8217;ESCOLA\">Llegeix m\u00e9s\u00bb<\/a><\/p>\n","protected":false},"author":54,"featured_media":3835,"comment_status":"open","ping_status":"closed","sticky":false,"template":"","format":"standard","meta":{"_bbp_topic_count":0,"_bbp_reply_count":0,"_bbp_total_topic_count":0,"_bbp_total_reply_count":0,"_bbp_voice_count":0,"_bbp_anonymous_reply_count":0,"_bbp_topic_count_hidden":0,"_bbp_reply_count_hidden":0,"_bbp_forum_subforum_count":0,"footnotes":""},"categories":[29],"tags":[],"class_list":["post-3834","post","type-post","status-publish","format-standard","has-post-thumbnail","hentry","category-portada"],"post_mailing_queue_ids":[],"_links":{"self":[{"href":"https:\/\/agora.xtec.cat\/cfasalvadordali\/wp-json\/wp\/v2\/posts\/3834","targetHints":{"allow":["GET"]}}],"collection":[{"href":"https:\/\/agora.xtec.cat\/cfasalvadordali\/wp-json\/wp\/v2\/posts"}],"about":[{"href":"https:\/\/agora.xtec.cat\/cfasalvadordali\/wp-json\/wp\/v2\/types\/post"}],"author":[{"embeddable":true,"href":"https:\/\/agora.xtec.cat\/cfasalvadordali\/wp-json\/wp\/v2\/users\/54"}],"replies":[{"embeddable":true,"href":"https:\/\/agora.xtec.cat\/cfasalvadordali\/wp-json\/wp\/v2\/comments?post=3834"}],"version-history":[{"count":6,"href":"https:\/\/agora.xtec.cat\/cfasalvadordali\/wp-json\/wp\/v2\/posts\/3834\/revisions"}],"predecessor-version":[{"id":3845,"href":"https:\/\/agora.xtec.cat\/cfasalvadordali\/wp-json\/wp\/v2\/posts\/3834\/revisions\/3845"}],"wp:featuredmedia":[{"embeddable":true,"href":"https:\/\/agora.xtec.cat\/cfasalvadordali\/wp-json\/wp\/v2\/media\/3835"}],"wp:attachment":[{"href":"https:\/\/agora.xtec.cat\/cfasalvadordali\/wp-json\/wp\/v2\/media?parent=3834"}],"wp:term":[{"taxonomy":"category","embeddable":true,"href":"https:\/\/agora.xtec.cat\/cfasalvadordali\/wp-json\/wp\/v2\/categories?post=3834"},{"taxonomy":"post_tag","embeddable":true,"href":"https:\/\/agora.xtec.cat\/cfasalvadordali\/wp-json\/wp\/v2\/tags?post=3834"}],"curies":[{"name":"wp","href":"https:\/\/api.w.org\/{rel}","templated":true}]}}