{"id":3807,"date":"2025-05-09T17:57:45","date_gmt":"2025-05-09T15:57:45","guid":{"rendered":"https:\/\/agora.xtec.cat\/cfasalvadordali\/?p=3807"},"modified":"2025-05-11T14:25:16","modified_gmt":"2025-05-11T12:25:16","slug":"estrena-de-lespectacle-laboratorio-poetico-exilio-creativo","status":"publish","type":"post","link":"https:\/\/agora.xtec.cat\/cfasalvadordali\/general\/estrena-de-lespectacle-laboratorio-poetico-exilio-creativo\/","title":{"rendered":"ESTRENA DE L&#8217;ESPECTACLE &#8220;LABORATORIO PO\u00c9TICO (EXILIO CREATIVO)"},"content":{"rendered":"<p><a href=\"https:\/\/agora.xtec.cat\/cfasalvadordali\/wp-content\/uploads\/usu363\/2025\/05\/8.png\"><img loading=\"lazy\" decoding=\"async\" class=\"size-medium wp-image-3813 alignleft\" src=\"https:\/\/agora.xtec.cat\/cfasalvadordali\/wp-content\/uploads\/usu363\/2025\/05\/8-300x216.png\" alt=\"\" width=\"300\" height=\"216\" srcset=\"https:\/\/agora.xtec.cat\/cfasalvadordali\/wp-content\/uploads\/usu363\/2025\/05\/8-300x216.png 300w, https:\/\/agora.xtec.cat\/cfasalvadordali\/wp-content\/uploads\/usu363\/2025\/05\/8.png 714w\" sizes=\"auto, (max-width: 300px) 100vw, 300px\" \/><\/a>El grup de GES 1 ha estrenat \u00a0l\u2019espectacle <strong>\u201cLaboratorio Po\u00e9tico (Exilio Creativo)\u201d<\/strong>, una proposta nascuda del treball conjunt entre els alumnes de <strong>GES 1 i GES 2<\/strong>, que mostra com l\u2019expressi\u00f3 art\u00edstica pot esdevenir, a m\u00e9s d\u2019un vehicle per a l\u2019aprenentatge, una forma de canalitzar emocions profundes i compartir viv\u00e8ncies personals.<\/p>\n<p>Els textos interpretats han estat escrits pels companys de <strong>GES 2<\/strong> i parlen, des de l\u2019experi\u00e8ncia personal, de sentiments com la solitud, la nost\u00e0lgia, l\u2019enyor i la r\u00e0bia, per\u00f2 tamb\u00e9 de la resist\u00e8ncia i l\u2019esperan\u00e7a. Aquests poemes, escrits en primera persona, reflecteixen l\u2019impacte de l\u2019a\u00efllament i el desarrelament. S\u00f3n paraules que parlen de silencis llargs, d\u2019abs\u00e8ncies pesants, per\u00f2 que tamb\u00e9 deixen entreveure una escletxa per on entra la llum: l\u2019esperan\u00e7a d\u2019un futur diferent, de ser escoltats, de transformar la ferida en paraula i la paraula en acci\u00f3.<\/p>\n<p><a href=\"https:\/\/agora.xtec.cat\/cfasalvadordali\/wp-content\/uploads\/usu363\/2025\/05\/7.png\"><img loading=\"lazy\" decoding=\"async\" class=\"size-medium wp-image-3814 alignleft\" src=\"https:\/\/agora.xtec.cat\/cfasalvadordali\/wp-content\/uploads\/usu363\/2025\/05\/7-187x300.png\" alt=\"\" width=\"187\" height=\"300\" srcset=\"https:\/\/agora.xtec.cat\/cfasalvadordali\/wp-content\/uploads\/usu363\/2025\/05\/7-187x300.png 187w, https:\/\/agora.xtec.cat\/cfasalvadordali\/wp-content\/uploads\/usu363\/2025\/05\/7.png 374w\" sizes=\"auto, (max-width: 187px) 100vw, 187px\" \/><\/a>Davant d\u2019un entorn que sovint limita, l\u2019escriptura s\u2019ha convertit en un refugi i el teatre en una manera de donar veu i cos a all\u00f2 que costa expressar. Els alumnes de GES 1 han fet una lectura sensible dels textos i els han portat a escena amb comprom\u00eds i respecte. Durant aquest proc\u00e9s, les paraules han deixat de ser nom\u00e9s paraules per convertir-se en missatges vius, carregats de sentit.<\/p>\n<p>A l\u2019estrena, van assistir alumnes de l\u2019escola i professionals dels equips multidisciplinaris, fet que els alumnes van agrair especialment, ja que va representar una oportunitat per ser coneguts en un altre context, m\u00e9s enll\u00e0 del seu dia a dia, i per mostrar les seves potencialitats i la seva vessant art\u00edstica.<\/p>\n<p>Volem agrair especialment a l&#8217;<strong>\u00d2scar<\/strong>, monitor de fotografia, i als seus alumnes per haver capturat amb tanta sensibilitat i expressivitat els moments m\u00e9s intensos de l&#8217;espectacle,\u00a0 a l&#8217;<strong>Oriol<\/strong>, monitor de teatre, per facilitar-nos l&#8217;\u00fas de les instal\u00b7lacions i oferir-nos el seu suport sempre que ha calgut i a en Brais que ens ha donat suport a la part t\u00e8cnica.<\/p>\n<p>Volem agrair tamb\u00e9 al <strong data-start=\"22\" data-end=\"36\">Jordi Vil\u00e0<\/strong>, que ens va ajudar en la tria de textos i en la dramat\u00fargia, i a la <strong data-start=\"105\" data-end=\"124\">Carme Fern\u00e1ndez<\/strong>, que va co-dirigir el projecte amb nosaltres amb tanta dedicaci\u00f3 i sensibilitat. Gr\u00e0cies tamb\u00e9 a l&#8217;<strong data-start=\"224\" data-end=\"270\">Aula Municipal de Teatre i Dansa de Matar\u00f3<\/strong> per cedir-nos vestuari i atrezzo, fent possible que aquest espectacle prengu\u00e9s forma.<\/p>\n<p><a href=\"https:\/\/agora.xtec.cat\/cfasalvadordali\/wp-content\/uploads\/usu363\/2025\/05\/12.png\"><img loading=\"lazy\" decoding=\"async\" class=\"size-medium wp-image-3810 alignright\" src=\"https:\/\/agora.xtec.cat\/cfasalvadordali\/wp-content\/uploads\/usu363\/2025\/05\/12-204x300.png\" alt=\"\" width=\"204\" height=\"300\" srcset=\"https:\/\/agora.xtec.cat\/cfasalvadordali\/wp-content\/uploads\/usu363\/2025\/05\/12-204x300.png 204w, https:\/\/agora.xtec.cat\/cfasalvadordali\/wp-content\/uploads\/usu363\/2025\/05\/12.png 415w\" sizes=\"auto, (max-width: 204px) 100vw, 204px\" \/><\/a><\/p>\n<p>Sense la complicitat dels companys professionals del centre, aquest projecte no hauria estat possible. Gr\u00e0cies per sumar esfor\u00e7os en aquesta experi\u00e8ncia tan significativa<\/p>\n<p>Quan s\u2019enc\u00e9n el focus i la veu s\u2019al\u00e7a, alguna cosa es transforma: la paraula esdev\u00e9 pont, la veu esdev\u00e9 cam\u00ed, i l\u2019escenari es converteix en un espai de trobada i reconeixement.<\/p>\n<p>Felicitats a tots els participants per aquest treball tan intens i valu\u00f3s!<a href=\"https:\/\/agora.xtec.cat\/cfasalvadordali\/wp-content\/uploads\/usu363\/2025\/05\/9.png\"><img loading=\"lazy\" decoding=\"async\" class=\"size-medium wp-image-3808 alignleft\" src=\"https:\/\/agora.xtec.cat\/cfasalvadordali\/wp-content\/uploads\/usu363\/2025\/05\/9-300x171.png\" alt=\"\" width=\"300\" height=\"171\" srcset=\"https:\/\/agora.xtec.cat\/cfasalvadordali\/wp-content\/uploads\/usu363\/2025\/05\/9-300x171.png 300w, https:\/\/agora.xtec.cat\/cfasalvadordali\/wp-content\/uploads\/usu363\/2025\/05\/9-768x437.png 768w, https:\/\/agora.xtec.cat\/cfasalvadordali\/wp-content\/uploads\/usu363\/2025\/05\/9.png 1010w\" sizes=\"auto, (max-width: 300px) 100vw, 300px\" \/><\/a> <a href=\"https:\/\/agora.xtec.cat\/cfasalvadordali\/wp-content\/uploads\/usu363\/2025\/05\/13.png\"><img loading=\"lazy\" decoding=\"async\" class=\"size-medium wp-image-3809 alignleft\" src=\"https:\/\/agora.xtec.cat\/cfasalvadordali\/wp-content\/uploads\/usu363\/2025\/05\/13-207x300.png\" alt=\"\" width=\"207\" height=\"300\" srcset=\"https:\/\/agora.xtec.cat\/cfasalvadordali\/wp-content\/uploads\/usu363\/2025\/05\/13-207x300.png 207w, https:\/\/agora.xtec.cat\/cfasalvadordali\/wp-content\/uploads\/usu363\/2025\/05\/13.png 358w\" sizes=\"auto, (max-width: 207px) 100vw, 207px\" \/><\/a> <a href=\"https:\/\/agora.xtec.cat\/cfasalvadordali\/wp-content\/uploads\/usu363\/2025\/05\/10.png\"><img loading=\"lazy\" decoding=\"async\" class=\"size-medium wp-image-3811 alignleft\" src=\"https:\/\/agora.xtec.cat\/cfasalvadordali\/wp-content\/uploads\/usu363\/2025\/05\/10-300x215.png\" alt=\"\" width=\"300\" height=\"215\" srcset=\"https:\/\/agora.xtec.cat\/cfasalvadordali\/wp-content\/uploads\/usu363\/2025\/05\/10-300x215.png 300w, https:\/\/agora.xtec.cat\/cfasalvadordali\/wp-content\/uploads\/usu363\/2025\/05\/10-768x550.png 768w, https:\/\/agora.xtec.cat\/cfasalvadordali\/wp-content\/uploads\/usu363\/2025\/05\/10.png 859w\" sizes=\"auto, (max-width: 300px) 100vw, 300px\" \/><\/a> <a href=\"https:\/\/agora.xtec.cat\/cfasalvadordali\/wp-content\/uploads\/usu363\/2025\/05\/9-1.png\"><img loading=\"lazy\" decoding=\"async\" class=\"size-medium wp-image-3812 alignleft\" src=\"https:\/\/agora.xtec.cat\/cfasalvadordali\/wp-content\/uploads\/usu363\/2025\/05\/9-1-300x171.png\" alt=\"\" width=\"300\" height=\"171\" srcset=\"https:\/\/agora.xtec.cat\/cfasalvadordali\/wp-content\/uploads\/usu363\/2025\/05\/9-1-300x171.png 300w, https:\/\/agora.xtec.cat\/cfasalvadordali\/wp-content\/uploads\/usu363\/2025\/05\/9-1-768x437.png 768w, https:\/\/agora.xtec.cat\/cfasalvadordali\/wp-content\/uploads\/usu363\/2025\/05\/9-1.png 1010w\" sizes=\"auto, (max-width: 300px) 100vw, 300px\" \/><\/a> <a href=\"https:\/\/agora.xtec.cat\/cfasalvadordali\/wp-content\/uploads\/usu363\/2025\/05\/8.png\"><img loading=\"lazy\" decoding=\"async\" class=\"size-medium wp-image-3813 alignleft\" src=\"https:\/\/agora.xtec.cat\/cfasalvadordali\/wp-content\/uploads\/usu363\/2025\/05\/8-300x216.png\" alt=\"\" width=\"300\" height=\"216\" srcset=\"https:\/\/agora.xtec.cat\/cfasalvadordali\/wp-content\/uploads\/usu363\/2025\/05\/8-300x216.png 300w, https:\/\/agora.xtec.cat\/cfasalvadordali\/wp-content\/uploads\/usu363\/2025\/05\/8.png 714w\" sizes=\"auto, (max-width: 300px) 100vw, 300px\" \/><\/a> <a href=\"https:\/\/agora.xtec.cat\/cfasalvadordali\/wp-content\/uploads\/usu363\/2025\/05\/6-1.png\"><img loading=\"lazy\" decoding=\"async\" class=\"size-medium wp-image-3815 alignleft\" src=\"https:\/\/agora.xtec.cat\/cfasalvadordali\/wp-content\/uploads\/usu363\/2025\/05\/6-1-300x279.png\" alt=\"\" width=\"300\" height=\"279\" srcset=\"https:\/\/agora.xtec.cat\/cfasalvadordali\/wp-content\/uploads\/usu363\/2025\/05\/6-1-300x279.png 300w, https:\/\/agora.xtec.cat\/cfasalvadordali\/wp-content\/uploads\/usu363\/2025\/05\/6-1.png 626w\" sizes=\"auto, (max-width: 300px) 100vw, 300px\" \/><\/a> <a href=\"https:\/\/agora.xtec.cat\/cfasalvadordali\/wp-content\/uploads\/usu363\/2025\/05\/5.png\"><img loading=\"lazy\" decoding=\"async\" class=\"size-medium wp-image-3816 alignleft\" src=\"https:\/\/agora.xtec.cat\/cfasalvadordali\/wp-content\/uploads\/usu363\/2025\/05\/5-300x264.png\" alt=\"\" width=\"300\" height=\"264\" srcset=\"https:\/\/agora.xtec.cat\/cfasalvadordali\/wp-content\/uploads\/usu363\/2025\/05\/5-300x264.png 300w, https:\/\/agora.xtec.cat\/cfasalvadordali\/wp-content\/uploads\/usu363\/2025\/05\/5.png 592w\" sizes=\"auto, (max-width: 300px) 100vw, 300px\" \/><\/a> <a href=\"https:\/\/agora.xtec.cat\/cfasalvadordali\/wp-content\/uploads\/usu363\/2025\/05\/4-1.png\"><img loading=\"lazy\" decoding=\"async\" class=\"size-medium wp-image-3817 alignleft\" src=\"https:\/\/agora.xtec.cat\/cfasalvadordali\/wp-content\/uploads\/usu363\/2025\/05\/4-1-144x300.png\" alt=\"\" width=\"144\" height=\"300\" srcset=\"https:\/\/agora.xtec.cat\/cfasalvadordali\/wp-content\/uploads\/usu363\/2025\/05\/4-1-144x300.png 144w, https:\/\/agora.xtec.cat\/cfasalvadordali\/wp-content\/uploads\/usu363\/2025\/05\/4-1.png 293w\" sizes=\"auto, (max-width: 144px) 100vw, 144px\" \/><\/a> <a href=\"https:\/\/agora.xtec.cat\/cfasalvadordali\/wp-content\/uploads\/usu363\/2025\/05\/2-2.png\"><img loading=\"lazy\" decoding=\"async\" class=\"size-medium wp-image-3819 alignnone\" src=\"https:\/\/agora.xtec.cat\/cfasalvadordali\/wp-content\/uploads\/usu363\/2025\/05\/2-2-197x300.png\" alt=\"\" width=\"197\" height=\"300\" srcset=\"https:\/\/agora.xtec.cat\/cfasalvadordali\/wp-content\/uploads\/usu363\/2025\/05\/2-2-197x300.png 197w, https:\/\/agora.xtec.cat\/cfasalvadordali\/wp-content\/uploads\/usu363\/2025\/05\/2-2.png 303w\" sizes=\"auto, (max-width: 197px) 100vw, 197px\" \/><\/a><\/p>\n","protected":false},"excerpt":{"rendered":"<p><a href=\"https:\/\/agora.xtec.cat\/cfasalvadordali\/wp-content\/uploads\/usu363\/2025\/05\/8.png\"><\/a>El grup de GES 1 ha estrenat \u00a0l\u2019espectacle \u201cLaboratorio Po\u00e9tico (Exilio Creativo)\u201d, una proposta nascuda del treball conjunt entre els alumnes de GES 1 i GES 2, que mostra com l\u2019expressi\u00f3 art\u00edstica pot esdevenir, a m\u00e9s d\u2019un vehicle per a l\u2019aprenentatge, una forma de&hellip;  <a href=\"https:\/\/agora.xtec.cat\/cfasalvadordali\/general\/estrena-de-lespectacle-laboratorio-poetico-exilio-creativo\/\" title=\"Read ESTRENA DE L&#8217;ESPECTACLE &#8220;LABORATORIO PO\u00c9TICO (EXILIO CREATIVO)\">Llegeix m\u00e9s\u00bb<\/a><\/p>\n","protected":false},"author":54,"featured_media":3808,"comment_status":"open","ping_status":"closed","sticky":false,"template":"","format":"standard","meta":{"_bbp_topic_count":0,"_bbp_reply_count":0,"_bbp_total_topic_count":0,"_bbp_total_reply_count":0,"_bbp_voice_count":0,"_bbp_anonymous_reply_count":0,"_bbp_topic_count_hidden":0,"_bbp_reply_count_hidden":0,"_bbp_forum_subforum_count":0,"footnotes":""},"categories":[1,29],"tags":[],"class_list":["post-3807","post","type-post","status-publish","format-standard","has-post-thumbnail","hentry","category-general","category-portada"],"post_mailing_queue_ids":[],"_links":{"self":[{"href":"https:\/\/agora.xtec.cat\/cfasalvadordali\/wp-json\/wp\/v2\/posts\/3807","targetHints":{"allow":["GET"]}}],"collection":[{"href":"https:\/\/agora.xtec.cat\/cfasalvadordali\/wp-json\/wp\/v2\/posts"}],"about":[{"href":"https:\/\/agora.xtec.cat\/cfasalvadordali\/wp-json\/wp\/v2\/types\/post"}],"author":[{"embeddable":true,"href":"https:\/\/agora.xtec.cat\/cfasalvadordali\/wp-json\/wp\/v2\/users\/54"}],"replies":[{"embeddable":true,"href":"https:\/\/agora.xtec.cat\/cfasalvadordali\/wp-json\/wp\/v2\/comments?post=3807"}],"version-history":[{"count":6,"href":"https:\/\/agora.xtec.cat\/cfasalvadordali\/wp-json\/wp\/v2\/posts\/3807\/revisions"}],"predecessor-version":[{"id":3840,"href":"https:\/\/agora.xtec.cat\/cfasalvadordali\/wp-json\/wp\/v2\/posts\/3807\/revisions\/3840"}],"wp:featuredmedia":[{"embeddable":true,"href":"https:\/\/agora.xtec.cat\/cfasalvadordali\/wp-json\/wp\/v2\/media\/3808"}],"wp:attachment":[{"href":"https:\/\/agora.xtec.cat\/cfasalvadordali\/wp-json\/wp\/v2\/media?parent=3807"}],"wp:term":[{"taxonomy":"category","embeddable":true,"href":"https:\/\/agora.xtec.cat\/cfasalvadordali\/wp-json\/wp\/v2\/categories?post=3807"},{"taxonomy":"post_tag","embeddable":true,"href":"https:\/\/agora.xtec.cat\/cfasalvadordali\/wp-json\/wp\/v2\/tags?post=3807"}],"curies":[{"name":"wp","href":"https:\/\/api.w.org\/{rel}","templated":true}]}}