{"id":3798,"date":"2025-05-07T09:15:39","date_gmt":"2025-05-07T07:15:39","guid":{"rendered":"https:\/\/agora.xtec.cat\/cfasalvadordali\/?p=3798"},"modified":"2025-05-08T10:29:52","modified_gmt":"2025-05-08T08:29:52","slug":"certamen-literari-per-sant-jordi","status":"publish","type":"post","link":"https:\/\/agora.xtec.cat\/cfasalvadordali\/portada\/certamen-literari-per-sant-jordi\/","title":{"rendered":"CERTAMEN LITERARI PER SANT JORDI"},"content":{"rendered":"<p><a href=\"https:\/\/agora.xtec.cat\/cfasalvadordali\/wp-content\/uploads\/usu363\/2025\/05\/1.png\"><img loading=\"lazy\" decoding=\"async\" class=\" wp-image-3800 alignleft\" src=\"https:\/\/agora.xtec.cat\/cfasalvadordali\/wp-content\/uploads\/usu363\/2025\/05\/1-300x208.png\" alt=\"\" width=\"398\" height=\"276\" srcset=\"https:\/\/agora.xtec.cat\/cfasalvadordali\/wp-content\/uploads\/usu363\/2025\/05\/1-300x208.png 300w, https:\/\/agora.xtec.cat\/cfasalvadordali\/wp-content\/uploads\/usu363\/2025\/05\/1-768x533.png 768w, https:\/\/agora.xtec.cat\/cfasalvadordali\/wp-content\/uploads\/usu363\/2025\/05\/1.png 897w\" sizes=\"auto, (max-width: 398px) 100vw, 398px\" \/><\/a>El Certamen Literari d\u2019enguany ens ha emocionat i omplert d\u2019orgull com a escola, no tan sols per la gran participaci\u00f3 que hi ha hagut (115 participants) i el prol\u00edfica que ha estat (260 obres) sin\u00f3, tamb\u00e9, per la gran qualitat liter\u00e0ria que hem tingut. Felicitem-nos! Compartim amb totes i tots vosaltres aquestes paraules que ens vam dedicar el diad\u2019entrega de premis del Certamen:<\/p>\n<p>Fa dos dies va ser Sant Jordi, i aix\u00f2 s\u2019ha de pensar sempre com una oportunitat. Potser el m\u00e9s bonic de tot plegat \u00e9s que la literatura hagi saltat aquests murs de formig\u00f3, grisos i hostils, i s\u2019hagi escolat entre tots nosaltres. La bellesa \u00e9s que la literatura sigui avui aqu\u00ed, entre els nostres cossos i a les nostres mans: abra\u00e7ant-nos, abrigant-nos i fent-nos, fins i tot, una mica m\u00e9s lliures. Perqu\u00e8 la lectura i l\u2019escriptura ho tenen, aix\u00f2: un poder transformador que genera un mirall i un horitz\u00f3. Un mirall: per veure\u2019ns, per mirar-nos, per revisar-nos, per recordar, per viatjar al passat, per canviar. Un horitz\u00f3: per somniar, per projectar i per pensar un altre futur. \u201cHi ha d\u2019altres mons\u201d, deia el poeta. \u201cPer\u00f2 tots s\u00f3n en aquest\u201d. Tots vosaltres n\u2019heu creat un altre, de m\u00f3n, el de les paraules. Tots heu parlat de tem\u00e0tiques que us interpel\u00b7len a nivell individual: l\u2019amor, la privaci\u00f3 de llibertat, la nost\u00e0lgia, la fam\u00edlia, la naturalesa&#8230; la vida. I si, en realitat, no est\u00e0veu parlant nom\u00e9s de vosaltres mateixos sin\u00f3, tamb\u00e9, de tots nosaltres, dels aqu\u00ed presents? Si ens parem a pensar, el vostres processos d\u2019escriptura han trobat molts denominadors comuns. Penseu una cosa, que \u00e9s preciosa: heu conjugat en col\u00b7lectiu. Parlant des del vostre testimoni f\u00e8ieu refer\u00e8ncia, sovint, a hist\u00f2ries compartides, col\u00b7lectives. Heu ballat entre el mirall i l\u2019horitz\u00f3. I ho heu fet junts. La literatura (la lectura, l\u2019escriptura, la discussi\u00f3 liter\u00e0ria&#8230;) serveix per a molt\u00edssimes coses: \u00e9s una eina d\u2019alliberament, col\u00b7lectivitza la pena i l\u2019alegria, fomenta l\u2019autoconeixement, ens fa pensar i somniar, i, sobretot, construeix: ponts, camins, tonalitats, futurs, mons.<\/p>\n<p><em>Us heu convertit, ens hem convertit, en obrers de la paraula, com deia en Jos\u00e9 Sbarra, un escriptor argent\u00ed. Vosaltres, amb totes aquestes obres, heu constru\u00eft cases de paraules, cases de mem\u00f2ria. I qui no hi vol viure, a una llar plena de tot aix\u00f2?<\/em><\/p>\n","protected":false},"excerpt":{"rendered":"<p><a href=\"https:\/\/agora.xtec.cat\/cfasalvadordali\/wp-content\/uploads\/usu363\/2025\/05\/1.png\"><\/a>El Certamen Literari d\u2019enguany ens ha emocionat i omplert d\u2019orgull com a escola, no tan sols per la gran participaci\u00f3 que hi ha hagut (115 participants) i el prol\u00edfica que ha estat (260 obres) sin\u00f3, tamb\u00e9, per la gran qualitat liter\u00e0ria que hem tingut.&hellip;  <a href=\"https:\/\/agora.xtec.cat\/cfasalvadordali\/portada\/certamen-literari-per-sant-jordi\/\" title=\"Read CERTAMEN LITERARI PER SANT JORDI\">Llegeix m\u00e9s\u00bb<\/a><\/p>\n","protected":false},"author":54,"featured_media":3799,"comment_status":"open","ping_status":"closed","sticky":false,"template":"","format":"standard","meta":{"_bbp_topic_count":0,"_bbp_reply_count":0,"_bbp_total_topic_count":0,"_bbp_total_reply_count":0,"_bbp_voice_count":0,"_bbp_anonymous_reply_count":0,"_bbp_topic_count_hidden":0,"_bbp_reply_count_hidden":0,"_bbp_forum_subforum_count":0,"footnotes":""},"categories":[96,29],"tags":[],"class_list":["post-3798","post","type-post","status-publish","format-standard","has-post-thumbnail","hentry","category-activitats-culturals","category-portada"],"post_mailing_queue_ids":[],"_links":{"self":[{"href":"https:\/\/agora.xtec.cat\/cfasalvadordali\/wp-json\/wp\/v2\/posts\/3798","targetHints":{"allow":["GET"]}}],"collection":[{"href":"https:\/\/agora.xtec.cat\/cfasalvadordali\/wp-json\/wp\/v2\/posts"}],"about":[{"href":"https:\/\/agora.xtec.cat\/cfasalvadordali\/wp-json\/wp\/v2\/types\/post"}],"author":[{"embeddable":true,"href":"https:\/\/agora.xtec.cat\/cfasalvadordali\/wp-json\/wp\/v2\/users\/54"}],"replies":[{"embeddable":true,"href":"https:\/\/agora.xtec.cat\/cfasalvadordali\/wp-json\/wp\/v2\/comments?post=3798"}],"version-history":[{"count":3,"href":"https:\/\/agora.xtec.cat\/cfasalvadordali\/wp-json\/wp\/v2\/posts\/3798\/revisions"}],"predecessor-version":[{"id":3803,"href":"https:\/\/agora.xtec.cat\/cfasalvadordali\/wp-json\/wp\/v2\/posts\/3798\/revisions\/3803"}],"wp:featuredmedia":[{"embeddable":true,"href":"https:\/\/agora.xtec.cat\/cfasalvadordali\/wp-json\/wp\/v2\/media\/3799"}],"wp:attachment":[{"href":"https:\/\/agora.xtec.cat\/cfasalvadordali\/wp-json\/wp\/v2\/media?parent=3798"}],"wp:term":[{"taxonomy":"category","embeddable":true,"href":"https:\/\/agora.xtec.cat\/cfasalvadordali\/wp-json\/wp\/v2\/categories?post=3798"},{"taxonomy":"post_tag","embeddable":true,"href":"https:\/\/agora.xtec.cat\/cfasalvadordali\/wp-json\/wp\/v2\/tags?post=3798"}],"curies":[{"name":"wp","href":"https:\/\/api.w.org\/{rel}","templated":true}]}}