{"id":3782,"date":"2025-05-07T09:09:20","date_gmt":"2025-05-07T07:09:20","guid":{"rendered":"https:\/\/agora.xtec.cat\/cfasalvadordali\/?p=3782"},"modified":"2025-05-09T16:24:25","modified_gmt":"2025-05-09T14:24:25","slug":"projecte-masterxef-a-catala","status":"publish","type":"post","link":"https:\/\/agora.xtec.cat\/cfasalvadordali\/portada\/projecte-masterxef-a-catala\/","title":{"rendered":"PROJECTE MASTERXEF A CATAL\u00c0"},"content":{"rendered":"<div><span style=\"color: #000000;\">El trimestre passat l&#8217;alumnat de projectes en catal\u00e0 del CFA vam estar treballant el m\u00f3n de l&#8217;alimentaci\u00f3 a partir d&#8217;un projecte compartit: Masterxef!\u00a0<\/span><\/div>\n<div><span style=\"color: #000000;\">\u00a0<\/span><\/div>\n<div><a href=\"https:\/\/agora.xtec.cat\/cfasalvadordali\/wp-content\/uploads\/usu363\/2025\/05\/2.png\"><img loading=\"lazy\" decoding=\"async\" class=\" wp-image-3784 alignleft\" src=\"https:\/\/agora.xtec.cat\/cfasalvadordali\/wp-content\/uploads\/usu363\/2025\/05\/2.png\" alt=\"\" width=\"132\" height=\"93\" \/><\/a>Cada grup vam treballar vocabulari dels aliments, les eines de cuina, els espais; q\u00fcestions de seguretat aliment\u00e0ria; di\u00e0legs relacionats amb l&#8217;alimentaci\u00f3 (en una botiga, en un restaurant&#8230;) i; finalment, vam preparar, organitzar\u00a0i elaborar una recepta de cuina per dur-la\u00a0a terme i presentar-la oralment davant dels companys dels altres grups i d&#8217;un jurat format per mestres, educadors\/es, funcionaris\/es i alumnes d&#8217;altres classes.<\/div>\n<div><\/div>\n<div><\/div>\n<div><\/div>\n<div><a href=\"https:\/\/agora.xtec.cat\/cfasalvadordali\/wp-content\/uploads\/usu363\/2025\/05\/6.png\"><img loading=\"lazy\" decoding=\"async\" class=\"size-full wp-image-3788 alignright\" src=\"https:\/\/agora.xtec.cat\/cfasalvadordali\/wp-content\/uploads\/usu363\/2025\/05\/6.png\" alt=\"\" width=\"255\" height=\"104\" \/><\/a>Les receptes que es van realitzar van ser bon\u00edssimes!<\/div>\n<div><span style=\"color: #000000;\">&#8211; Bissara (crema de p\u00e8sols secs)<\/span><\/div>\n<div><span style=\"color: #000000;\">&#8211; Amanida colombiana<\/span><\/div>\n<div>&#8211; Shawarma<\/div>\n<div>&#8211; Canap\u00e8s<\/div>\n<div>&#8211; Torrada d&#8217;escalivada i tonyina<\/div>\n<div><\/div>\n<div>\n<div>Van quedar unes menges exquisides i va ser una experi\u00e8ncia molt enriquidora en tots els sentits!<\/div>\n<div>Bon profit!!!<\/div>\n<div><\/div>\n<\/div>\n<div>\n<figure class=\"figure wp-caption aligncenter\"><a href=\"https:\/\/agora.xtec.cat\/cfasalvadordali\/wp-content\/uploads\/usu363\/2025\/05\/4.png\"><img loading=\"lazy\" decoding=\"async\" class=\"wp-image-3783 size-medium\" src=\"https:\/\/agora.xtec.cat\/cfasalvadordali\/wp-content\/uploads\/usu363\/2025\/05\/4-300x152.png\" alt=\"\" width=\"300\" height=\"152\" srcset=\"https:\/\/agora.xtec.cat\/cfasalvadordali\/wp-content\/uploads\/usu363\/2025\/05\/4-300x152.png 300w, https:\/\/agora.xtec.cat\/cfasalvadordali\/wp-content\/uploads\/usu363\/2025\/05\/4.png 437w\" sizes=\"auto, (max-width: 300px) 100vw, 300px\" \/><\/a><figcaption class=\"wp-caption-text\">Bissara<\/figcaption><\/figure>\n<\/div>\n<div>\n<figure class=\"figure wp-caption alignleft\"><a href=\"https:\/\/agora.xtec.cat\/cfasalvadordali\/wp-content\/uploads\/usu363\/2025\/05\/77.png\"><img loading=\"lazy\" decoding=\"async\" class=\"wp-image-3786 size-medium\" src=\"https:\/\/agora.xtec.cat\/cfasalvadordali\/wp-content\/uploads\/usu363\/2025\/05\/77-300x182.png\" alt=\"\" width=\"300\" height=\"182\" srcset=\"https:\/\/agora.xtec.cat\/cfasalvadordali\/wp-content\/uploads\/usu363\/2025\/05\/77-300x182.png 300w, https:\/\/agora.xtec.cat\/cfasalvadordali\/wp-content\/uploads\/usu363\/2025\/05\/77.png 327w\" sizes=\"auto, (max-width: 300px) 100vw, 300px\" \/><\/a><figcaption class=\"wp-caption-text\">amanida colombiana<\/figcaption><\/figure>\n<figure class=\"figure wp-caption alignleft\"><a href=\"https:\/\/agora.xtec.cat\/cfasalvadordali\/wp-content\/uploads\/usu363\/2025\/05\/88.png\"><img loading=\"lazy\" decoding=\"async\" class=\"wp-image-3792\" src=\"https:\/\/agora.xtec.cat\/cfasalvadordali\/wp-content\/uploads\/usu363\/2025\/05\/88.png\" alt=\"\" width=\"261\" height=\"109\" \/><\/a><figcaption class=\"wp-caption-text\">Canap\u00e8s<\/figcaption><\/figure>\n<figure class=\"figure wp-caption alignright\"><a href=\"https:\/\/agora.xtec.cat\/cfasalvadordali\/wp-content\/uploads\/usu363\/2025\/05\/3.png\"><img loading=\"lazy\" decoding=\"async\" class=\"wp-image-3790 \" src=\"https:\/\/agora.xtec.cat\/cfasalvadordali\/wp-content\/uploads\/usu363\/2025\/05\/3-300x148.png\" alt=\"\" width=\"274\" height=\"135\" srcset=\"https:\/\/agora.xtec.cat\/cfasalvadordali\/wp-content\/uploads\/usu363\/2025\/05\/3-300x148.png 300w, https:\/\/agora.xtec.cat\/cfasalvadordali\/wp-content\/uploads\/usu363\/2025\/05\/3.png 372w\" sizes=\"auto, (max-width: 274px) 100vw, 274px\" \/><\/a><figcaption class=\"wp-caption-text\">Escalivada<\/figcaption><\/figure>\n<figure class=\"figure wp-caption alignleft\"><a href=\"https:\/\/agora.xtec.cat\/cfasalvadordali\/wp-content\/uploads\/usu363\/2025\/05\/1-1.png\"><img loading=\"lazy\" decoding=\"async\" class=\"wp-image-3804 size-medium\" src=\"https:\/\/agora.xtec.cat\/cfasalvadordali\/wp-content\/uploads\/usu363\/2025\/05\/1-1-300x259.png\" alt=\"\" width=\"300\" height=\"259\" srcset=\"https:\/\/agora.xtec.cat\/cfasalvadordali\/wp-content\/uploads\/usu363\/2025\/05\/1-1-300x259.png 300w, https:\/\/agora.xtec.cat\/cfasalvadordali\/wp-content\/uploads\/usu363\/2025\/05\/1-1.png 347w\" sizes=\"auto, (max-width: 300px) 100vw, 300px\" \/><\/a><figcaption class=\"wp-caption-text\">Shawarma<\/figcaption><\/figure>\n<\/div>\n","protected":false},"excerpt":{"rendered":"<p>El trimestre passat l&#8217;alumnat de projectes en catal\u00e0 del CFA vam estar treballant el m\u00f3n de l&#8217;alimentaci\u00f3 a partir d&#8217;un projecte compartit: Masterxef!\u00a0<br \/>\n\u00a0<br \/>\n<a href=\"https:\/\/agora.xtec.cat\/cfasalvadordali\/wp-content\/uploads\/usu363\/2025\/05\/2.png\"><\/a>Cada grup vam treballar vocabulari dels aliments, les eines de cuina, els espais; q\u00fcestions de seguretat aliment\u00e0ria; di\u00e0legs relacionats amb l&#8217;alimentaci\u00f3 (en&hellip;  <a href=\"https:\/\/agora.xtec.cat\/cfasalvadordali\/portada\/projecte-masterxef-a-catala\/\" title=\"Read PROJECTE MASTERXEF A CATAL\u00c0\">Llegeix m\u00e9s\u00bb<\/a><\/p>\n","protected":false},"author":54,"featured_media":3783,"comment_status":"open","ping_status":"closed","sticky":false,"template":"","format":"standard","meta":{"_bbp_topic_count":0,"_bbp_reply_count":0,"_bbp_total_topic_count":0,"_bbp_total_reply_count":0,"_bbp_voice_count":0,"_bbp_anonymous_reply_count":0,"_bbp_topic_count_hidden":0,"_bbp_reply_count_hidden":0,"_bbp_forum_subforum_count":0,"footnotes":""},"categories":[96,205,29],"tags":[],"class_list":["post-3782","post","type-post","status-publish","format-standard","has-post-thumbnail","hentry","category-activitats-culturals","category-llengues","category-portada"],"post_mailing_queue_ids":[],"_links":{"self":[{"href":"https:\/\/agora.xtec.cat\/cfasalvadordali\/wp-json\/wp\/v2\/posts\/3782","targetHints":{"allow":["GET"]}}],"collection":[{"href":"https:\/\/agora.xtec.cat\/cfasalvadordali\/wp-json\/wp\/v2\/posts"}],"about":[{"href":"https:\/\/agora.xtec.cat\/cfasalvadordali\/wp-json\/wp\/v2\/types\/post"}],"author":[{"embeddable":true,"href":"https:\/\/agora.xtec.cat\/cfasalvadordali\/wp-json\/wp\/v2\/users\/54"}],"replies":[{"embeddable":true,"href":"https:\/\/agora.xtec.cat\/cfasalvadordali\/wp-json\/wp\/v2\/comments?post=3782"}],"version-history":[{"count":6,"href":"https:\/\/agora.xtec.cat\/cfasalvadordali\/wp-json\/wp\/v2\/posts\/3782\/revisions"}],"predecessor-version":[{"id":3806,"href":"https:\/\/agora.xtec.cat\/cfasalvadordali\/wp-json\/wp\/v2\/posts\/3782\/revisions\/3806"}],"wp:featuredmedia":[{"embeddable":true,"href":"https:\/\/agora.xtec.cat\/cfasalvadordali\/wp-json\/wp\/v2\/media\/3783"}],"wp:attachment":[{"href":"https:\/\/agora.xtec.cat\/cfasalvadordali\/wp-json\/wp\/v2\/media?parent=3782"}],"wp:term":[{"taxonomy":"category","embeddable":true,"href":"https:\/\/agora.xtec.cat\/cfasalvadordali\/wp-json\/wp\/v2\/categories?post=3782"},{"taxonomy":"post_tag","embeddable":true,"href":"https:\/\/agora.xtec.cat\/cfasalvadordali\/wp-json\/wp\/v2\/tags?post=3782"}],"curies":[{"name":"wp","href":"https:\/\/api.w.org\/{rel}","templated":true}]}}