{"id":3730,"date":"2025-04-11T13:43:14","date_gmt":"2025-04-11T11:43:14","guid":{"rendered":"https:\/\/agora.xtec.cat\/cfasalvadordali\/?p=3730"},"modified":"2025-04-11T13:43:21","modified_gmt":"2025-04-11T11:43:21","slug":"dia-mundial-de-les-llengues-maternes-3","status":"publish","type":"post","link":"https:\/\/agora.xtec.cat\/cfasalvadordali\/portada\/dia-mundial-de-les-llengues-maternes-3\/","title":{"rendered":"DIA MUNDIAL DE LES LLENG\u00dcES MATERNES"},"content":{"rendered":"<div>L&#8217;equip de lleng\u00fces ha tornat a celebrar el Dia Mundial de les LLeng\u00fces Maternes,<\/div>\n<div>recordant i valorant la riquesa que ens aporten els alumnes de la nostra escola.<\/div>\n<div><\/div>\n<div>Protegir totes les lleng\u00fces del M\u00f3n \u00e9s un dels objectius m\u00e9s apreciats.<\/div>\n<div><\/div>\n<div><a href=\"https:\/\/agora.xtec.cat\/cfasalvadordali\/wp-content\/uploads\/usu363\/2025\/04\/1.jpg\"><img loading=\"lazy\" decoding=\"async\" class=\"alignnone size-large wp-image-3731\" src=\"https:\/\/agora.xtec.cat\/cfasalvadordali\/wp-content\/uploads\/usu363\/2025\/04\/1-576x1024.jpg\" alt=\"\" width=\"576\" height=\"1024\" srcset=\"https:\/\/agora.xtec.cat\/cfasalvadordali\/wp-content\/uploads\/usu363\/2025\/04\/1-576x1024.jpg 576w, https:\/\/agora.xtec.cat\/cfasalvadordali\/wp-content\/uploads\/usu363\/2025\/04\/1-169x300.jpg 169w, https:\/\/agora.xtec.cat\/cfasalvadordali\/wp-content\/uploads\/usu363\/2025\/04\/1-768x1365.jpg 768w, https:\/\/agora.xtec.cat\/cfasalvadordali\/wp-content\/uploads\/usu363\/2025\/04\/1-864x1536.jpg 864w, https:\/\/agora.xtec.cat\/cfasalvadordali\/wp-content\/uploads\/usu363\/2025\/04\/1.jpg 1152w\" sizes=\"auto, (max-width: 576px) 100vw, 576px\" \/><\/a><\/div>\n","protected":false},"excerpt":{"rendered":"<p>L&#8217;equip de lleng\u00fces ha tornat a celebrar el Dia Mundial de les LLeng\u00fces Maternes,<br \/>\nrecordant i valorant la riquesa que ens aporten els alumnes de la nostra escola.<\/p>\n<p>Protegir totes les lleng\u00fces del M\u00f3n \u00e9s un dels objectius m\u00e9s apreciats.<\/p>\n<p><a href=\"https:\/\/agora.xtec.cat\/cfasalvadordali\/wp-content\/uploads\/usu363\/2025\/04\/1.jpg\"><\/a><\/p>\n","protected":false},"author":1,"featured_media":3731,"comment_status":"open","ping_status":"closed","sticky":false,"template":"","format":"standard","meta":{"_bbp_topic_count":0,"_bbp_reply_count":0,"_bbp_total_topic_count":0,"_bbp_total_reply_count":0,"_bbp_voice_count":0,"_bbp_anonymous_reply_count":0,"_bbp_topic_count_hidden":0,"_bbp_reply_count_hidden":0,"_bbp_forum_subforum_count":0,"footnotes":""},"categories":[205,29],"tags":[],"class_list":["post-3730","post","type-post","status-publish","format-standard","has-post-thumbnail","hentry","category-llengues","category-portada"],"post_mailing_queue_ids":[],"_links":{"self":[{"href":"https:\/\/agora.xtec.cat\/cfasalvadordali\/wp-json\/wp\/v2\/posts\/3730","targetHints":{"allow":["GET"]}}],"collection":[{"href":"https:\/\/agora.xtec.cat\/cfasalvadordali\/wp-json\/wp\/v2\/posts"}],"about":[{"href":"https:\/\/agora.xtec.cat\/cfasalvadordali\/wp-json\/wp\/v2\/types\/post"}],"author":[{"embeddable":true,"href":"https:\/\/agora.xtec.cat\/cfasalvadordali\/wp-json\/wp\/v2\/users\/1"}],"replies":[{"embeddable":true,"href":"https:\/\/agora.xtec.cat\/cfasalvadordali\/wp-json\/wp\/v2\/comments?post=3730"}],"version-history":[{"count":1,"href":"https:\/\/agora.xtec.cat\/cfasalvadordali\/wp-json\/wp\/v2\/posts\/3730\/revisions"}],"predecessor-version":[{"id":3732,"href":"https:\/\/agora.xtec.cat\/cfasalvadordali\/wp-json\/wp\/v2\/posts\/3730\/revisions\/3732"}],"wp:featuredmedia":[{"embeddable":true,"href":"https:\/\/agora.xtec.cat\/cfasalvadordali\/wp-json\/wp\/v2\/media\/3731"}],"wp:attachment":[{"href":"https:\/\/agora.xtec.cat\/cfasalvadordali\/wp-json\/wp\/v2\/media?parent=3730"}],"wp:term":[{"taxonomy":"category","embeddable":true,"href":"https:\/\/agora.xtec.cat\/cfasalvadordali\/wp-json\/wp\/v2\/categories?post=3730"},{"taxonomy":"post_tag","embeddable":true,"href":"https:\/\/agora.xtec.cat\/cfasalvadordali\/wp-json\/wp\/v2\/tags?post=3730"}],"curies":[{"name":"wp","href":"https:\/\/api.w.org\/{rel}","templated":true}]}}