{"id":3719,"date":"2025-03-21T08:42:48","date_gmt":"2025-03-21T07:42:48","guid":{"rendered":"https:\/\/agora.xtec.cat\/cfasalvadordali\/?p=3719"},"modified":"2025-04-07T13:04:15","modified_gmt":"2025-04-07T11:04:15","slug":"lalumnat-de-fi-3-4-conscienciat-i-empoderat-cuidem-el-planeta","status":"publish","type":"post","link":"https:\/\/agora.xtec.cat\/cfasalvadordali\/portada\/lalumnat-de-fi-3-4-conscienciat-i-empoderat-cuidem-el-planeta\/","title":{"rendered":"L&#8217;ALUMNAT DE FI 3\/4, CONSCIENCIAT I EMPODERAT: CUIDEM EL PLANETA!"},"content":{"rendered":"<p><a href=\"https:\/\/agora.xtec.cat\/cfasalvadordali\/wp-content\/uploads\/usu363\/2025\/03\/web-1.png\"><img loading=\"lazy\" decoding=\"async\" class=\"size-medium wp-image-3726 alignleft\" src=\"https:\/\/agora.xtec.cat\/cfasalvadordali\/wp-content\/uploads\/usu363\/2025\/03\/web-1-300x224.png\" alt=\"\" width=\"300\" height=\"224\" srcset=\"https:\/\/agora.xtec.cat\/cfasalvadordali\/wp-content\/uploads\/usu363\/2025\/03\/web-1-300x224.png 300w, https:\/\/agora.xtec.cat\/cfasalvadordali\/wp-content\/uploads\/usu363\/2025\/03\/web-1-768x573.png 768w, https:\/\/agora.xtec.cat\/cfasalvadordali\/wp-content\/uploads\/usu363\/2025\/03\/web-1-200x150.png 200w, https:\/\/agora.xtec.cat\/cfasalvadordali\/wp-content\/uploads\/usu363\/2025\/03\/web-1.png 821w\" sizes=\"auto, (max-width: 300px) 100vw, 300px\" \/><\/a>L\u2019alumnat de <strong>Formaci\u00f3 Instrumental 3 i 4<\/strong> han finalitzat amb \u00e8xit la situaci\u00f3 d\u2019aprenentatge <strong>&#8220;Cuidem el planeta&#8221;<\/strong>. Com a producte final, cada grup ha preparat i presentat una <strong>exposici\u00f3 oral<\/strong> sobre els temes treballats, compartint els seus aprenentatges amb la resta de l\u2019alumnat de l\u2019escola.<\/p>\n<p><strong>El resultat? Unes exposicions plenes de reflexi\u00f3, consci\u00e8ncia ambiental i molt de comprom\u00eds!<\/strong> No nom\u00e9s han apr\u00e8s sobre la import\u00e0ncia de cuidar el nostre entorn, sin\u00f3 que tamb\u00e9 han superat el repte de parlar en p\u00fablic, demostrant una gran seguretat i empoderament.<\/p>\n<p><strong><a href=\"https:\/\/agora.xtec.cat\/cfasalvadordali\/wp-content\/uploads\/usu363\/2025\/03\/web-2.png\"><img loading=\"lazy\" decoding=\"async\" class=\"size-medium wp-image-3728 alignleft\" src=\"https:\/\/agora.xtec.cat\/cfasalvadordali\/wp-content\/uploads\/usu363\/2025\/03\/web-2-300x222.png\" alt=\"\" width=\"300\" height=\"222\" srcset=\"https:\/\/agora.xtec.cat\/cfasalvadordali\/wp-content\/uploads\/usu363\/2025\/03\/web-2-300x222.png 300w, https:\/\/agora.xtec.cat\/cfasalvadordali\/wp-content\/uploads\/usu363\/2025\/03\/web-2-768x568.png 768w, https:\/\/agora.xtec.cat\/cfasalvadordali\/wp-content\/uploads\/usu363\/2025\/03\/web-2.png 819w\" sizes=\"auto, (max-width: 300px) 100vw, 300px\" \/><\/a>Volem felicitar tots els participants pel seu esfor\u00e7, dedicaci\u00f3 i valentia!<\/strong> Ha estat una experi\u00e8ncia enriquidora per a tothom, i els mestres no podem estar m\u00e9s orgullosos del treball realitzat.<\/p>\n<p><strong>Gr\u00e0cies per inspirar-nos a cuidar el planeta!<\/strong><\/p>\n","protected":false},"excerpt":{"rendered":"<p><a href=\"https:\/\/agora.xtec.cat\/cfasalvadordali\/wp-content\/uploads\/usu363\/2025\/03\/web-1.png\"><\/a>L\u2019alumnat de Formaci\u00f3 Instrumental 3 i 4 han finalitzat amb \u00e8xit la situaci\u00f3 d\u2019aprenentatge &#8220;Cuidem el planeta&#8221;. Com a producte final, cada grup ha preparat i presentat una exposici\u00f3 oral sobre els temes treballats, compartint els seus aprenentatges amb la resta de l\u2019alumnat de&hellip;  <a href=\"https:\/\/agora.xtec.cat\/cfasalvadordali\/portada\/lalumnat-de-fi-3-4-conscienciat-i-empoderat-cuidem-el-planeta\/\" title=\"Read L&#8217;ALUMNAT DE FI 3\/4, CONSCIENCIAT I EMPODERAT: CUIDEM EL PLANETA!\">Llegeix m\u00e9s\u00bb<\/a><\/p>\n","protected":false},"author":54,"featured_media":3728,"comment_status":"open","ping_status":"closed","sticky":false,"template":"","format":"standard","meta":{"_bbp_topic_count":0,"_bbp_reply_count":0,"_bbp_total_topic_count":0,"_bbp_total_reply_count":0,"_bbp_voice_count":0,"_bbp_anonymous_reply_count":0,"_bbp_topic_count_hidden":0,"_bbp_reply_count_hidden":0,"_bbp_forum_subforum_count":0,"footnotes":""},"categories":[29],"tags":[],"class_list":["post-3719","post","type-post","status-publish","format-standard","has-post-thumbnail","hentry","category-portada"],"post_mailing_queue_ids":[],"_links":{"self":[{"href":"https:\/\/agora.xtec.cat\/cfasalvadordali\/wp-json\/wp\/v2\/posts\/3719","targetHints":{"allow":["GET"]}}],"collection":[{"href":"https:\/\/agora.xtec.cat\/cfasalvadordali\/wp-json\/wp\/v2\/posts"}],"about":[{"href":"https:\/\/agora.xtec.cat\/cfasalvadordali\/wp-json\/wp\/v2\/types\/post"}],"author":[{"embeddable":true,"href":"https:\/\/agora.xtec.cat\/cfasalvadordali\/wp-json\/wp\/v2\/users\/54"}],"replies":[{"embeddable":true,"href":"https:\/\/agora.xtec.cat\/cfasalvadordali\/wp-json\/wp\/v2\/comments?post=3719"}],"version-history":[{"count":2,"href":"https:\/\/agora.xtec.cat\/cfasalvadordali\/wp-json\/wp\/v2\/posts\/3719\/revisions"}],"predecessor-version":[{"id":3729,"href":"https:\/\/agora.xtec.cat\/cfasalvadordali\/wp-json\/wp\/v2\/posts\/3719\/revisions\/3729"}],"wp:featuredmedia":[{"embeddable":true,"href":"https:\/\/agora.xtec.cat\/cfasalvadordali\/wp-json\/wp\/v2\/media\/3728"}],"wp:attachment":[{"href":"https:\/\/agora.xtec.cat\/cfasalvadordali\/wp-json\/wp\/v2\/media?parent=3719"}],"wp:term":[{"taxonomy":"category","embeddable":true,"href":"https:\/\/agora.xtec.cat\/cfasalvadordali\/wp-json\/wp\/v2\/categories?post=3719"},{"taxonomy":"post_tag","embeddable":true,"href":"https:\/\/agora.xtec.cat\/cfasalvadordali\/wp-json\/wp\/v2\/tags?post=3719"}],"curies":[{"name":"wp","href":"https:\/\/api.w.org\/{rel}","templated":true}]}}