{"id":3681,"date":"2025-03-11T18:46:35","date_gmt":"2025-03-11T17:46:35","guid":{"rendered":"https:\/\/agora.xtec.cat\/cfasalvadordali\/?p=3681"},"modified":"2025-03-11T18:46:35","modified_gmt":"2025-03-11T17:46:35","slug":"xerrada-als-instituts-ins-bellulla","status":"publish","type":"post","link":"https:\/\/agora.xtec.cat\/cfasalvadordali\/general\/xerrada-als-instituts-ins-bellulla\/","title":{"rendered":"XERRADA ALS INSTITUTS, INS BELLULLA"},"content":{"rendered":"<p>&nbsp;<\/p>\n<p>REFLEXI\u00d3 DE L&#8217;ALUMNE BRANDON H.<\/p>\n<p>Mi experiencia en la programada el d\u00eda jueves 27 de febrero fue muy buena. Es dif\u00edcil imaginarse un d\u00eda m\u00e1s completo. Salimos en la ma\u00f1ana para ir a hacer una charla a un instituto en Canovellas, a <a href=\"https:\/\/agora.xtec.cat\/cfasalvadordali\/wp-content\/uploads\/usu363\/2025\/03\/1-3.png\"><img loading=\"lazy\" decoding=\"async\" class=\"size-medium wp-image-3694 alignleft\" src=\"https:\/\/agora.xtec.cat\/cfasalvadordali\/wp-content\/uploads\/usu363\/2025\/03\/1-3-300x215.png\" alt=\"\" width=\"300\" height=\"215\" srcset=\"https:\/\/agora.xtec.cat\/cfasalvadordali\/wp-content\/uploads\/usu363\/2025\/03\/1-3-300x215.png 300w, https:\/\/agora.xtec.cat\/cfasalvadordali\/wp-content\/uploads\/usu363\/2025\/03\/1-3-768x550.png 768w, https:\/\/agora.xtec.cat\/cfasalvadordali\/wp-content\/uploads\/usu363\/2025\/03\/1-3.png 935w\" sizes=\"auto, (max-width: 300px) 100vw, 300px\" \/><\/a>chavales que est\u00e1n haciendo 3ro y 4to de la ESO .<\/p>\n<p>Fue muy bueno dar una charla bajo nuestra experiencia y vivencias d\u00eda a d\u00eda en un centro penitenciario; mostrarle a la gente la importancia de estudiar y el espacio que nos regalan para ir a aprender. Contamos c\u00f3mo valoramos el espacio que nos regalan y como nos viene de bien este espacio para salir de la rutina del m\u00f3dulo.<\/p>\n<p>Tambi\u00e9n les dimos un consejo a los chavales, de que sigan estudiando, que piensen antes de cometer un error, porque un impulso te puede hacer caer en una prisi\u00f3n. De esta experiencia, personalmente me llega el poder salir a respirar el aire de la calle, ver el verde de los campos, el ruido de los coches, salir de estos barrotes y tener mucha tranquilidad.<\/p>\n<p>Brandon H.<\/p>\n<p>&nbsp;<\/p>\n<p>&nbsp;<\/p>\n","protected":false},"excerpt":{"rendered":"<p>&nbsp;<br \/>\nREFLEXI\u00d3 DE L&#8217;ALUMNE BRANDON H.<br \/>\nMi experiencia en la programada el d\u00eda jueves 27 de febrero fue muy buena. Es dif\u00edcil imaginarse un d\u00eda m\u00e1s completo. Salimos en la ma\u00f1ana para ir a hacer una charla a un instituto en Canovellas, a <a href=\"https:\/\/agora.xtec.cat\/cfasalvadordali\/wp-content\/uploads\/usu363\/2025\/03\/1-3.png\"><\/a>chavales que est\u00e1n&hellip;  <a href=\"https:\/\/agora.xtec.cat\/cfasalvadordali\/general\/xerrada-als-instituts-ins-bellulla\/\" title=\"Read XERRADA ALS INSTITUTS, INS BELLULLA\">Llegeix m\u00e9s\u00bb<\/a><\/p>\n","protected":false},"author":54,"featured_media":3694,"comment_status":"open","ping_status":"closed","sticky":false,"template":"","format":"standard","meta":{"_bbp_topic_count":0,"_bbp_reply_count":0,"_bbp_total_topic_count":0,"_bbp_total_reply_count":0,"_bbp_voice_count":0,"_bbp_anonymous_reply_count":0,"_bbp_topic_count_hidden":0,"_bbp_reply_count_hidden":0,"_bbp_forum_subforum_count":0,"footnotes":""},"categories":[1,86,29],"tags":[],"class_list":["post-3681","post","type-post","status-publish","format-standard","has-post-thumbnail","hentry","category-general","category-ges2","category-portada"],"post_mailing_queue_ids":[],"_links":{"self":[{"href":"https:\/\/agora.xtec.cat\/cfasalvadordali\/wp-json\/wp\/v2\/posts\/3681","targetHints":{"allow":["GET"]}}],"collection":[{"href":"https:\/\/agora.xtec.cat\/cfasalvadordali\/wp-json\/wp\/v2\/posts"}],"about":[{"href":"https:\/\/agora.xtec.cat\/cfasalvadordali\/wp-json\/wp\/v2\/types\/post"}],"author":[{"embeddable":true,"href":"https:\/\/agora.xtec.cat\/cfasalvadordali\/wp-json\/wp\/v2\/users\/54"}],"replies":[{"embeddable":true,"href":"https:\/\/agora.xtec.cat\/cfasalvadordali\/wp-json\/wp\/v2\/comments?post=3681"}],"version-history":[{"count":1,"href":"https:\/\/agora.xtec.cat\/cfasalvadordali\/wp-json\/wp\/v2\/posts\/3681\/revisions"}],"predecessor-version":[{"id":3695,"href":"https:\/\/agora.xtec.cat\/cfasalvadordali\/wp-json\/wp\/v2\/posts\/3681\/revisions\/3695"}],"wp:featuredmedia":[{"embeddable":true,"href":"https:\/\/agora.xtec.cat\/cfasalvadordali\/wp-json\/wp\/v2\/media\/3694"}],"wp:attachment":[{"href":"https:\/\/agora.xtec.cat\/cfasalvadordali\/wp-json\/wp\/v2\/media?parent=3681"}],"wp:term":[{"taxonomy":"category","embeddable":true,"href":"https:\/\/agora.xtec.cat\/cfasalvadordali\/wp-json\/wp\/v2\/categories?post=3681"},{"taxonomy":"post_tag","embeddable":true,"href":"https:\/\/agora.xtec.cat\/cfasalvadordali\/wp-json\/wp\/v2\/tags?post=3681"}],"curies":[{"name":"wp","href":"https:\/\/api.w.org\/{rel}","templated":true}]}}