{"id":3657,"date":"2025-02-27T11:26:13","date_gmt":"2025-02-27T10:26:13","guid":{"rendered":"https:\/\/agora.xtec.cat\/cfasalvadordali\/?p=3657"},"modified":"2025-02-27T20:25:43","modified_gmt":"2025-02-27T19:25:43","slug":"sortida-al-ies-antoni-cumella","status":"publish","type":"post","link":"https:\/\/agora.xtec.cat\/cfasalvadordali\/general\/sortida-al-ies-antoni-cumella\/","title":{"rendered":"SORTIDA A L&#8217; IES ANTONI CUMELLA"},"content":{"rendered":"<p>REFLEXI\u00d3 DELS ALUMNES: Tom\u00e0s, Brandon, Mamadou i Gast\u00f3n<\/p>\n<p>El passat dia 20, quatre companys de l\u2019escola, en Tom\u00e0s, en Brandon, en Mamadou i en<br \/>\nGast\u00f3n i; dos mestres, en Josep i l\u2019Elisenda, vam anar a fer una passejada pel centre de<br \/>\nGranollers i una xerrada per l\u2019alumnat de 3r d\u2019ESO a un dels instituts de la ciutat, l\u2019Institut Antoni <a href=\"https:\/\/agora.xtec.cat\/cfasalvadordali\/wp-content\/uploads\/usu363\/2025\/02\/WhatsApp-Image-2025-02-27-at-10.48.41.jpeg\"><img loading=\"lazy\" decoding=\"async\" class=\"size-medium wp-image-3658 alignleft\" src=\"https:\/\/agora.xtec.cat\/cfasalvadordali\/wp-content\/uploads\/usu363\/2025\/02\/WhatsApp-Image-2025-02-27-at-10.48.41-300x225.jpeg\" alt=\"\" width=\"300\" height=\"225\" srcset=\"https:\/\/agora.xtec.cat\/cfasalvadordali\/wp-content\/uploads\/usu363\/2025\/02\/WhatsApp-Image-2025-02-27-at-10.48.41-300x225.jpeg 300w, https:\/\/agora.xtec.cat\/cfasalvadordali\/wp-content\/uploads\/usu363\/2025\/02\/WhatsApp-Image-2025-02-27-at-10.48.41-1024x768.jpeg 1024w, https:\/\/agora.xtec.cat\/cfasalvadordali\/wp-content\/uploads\/usu363\/2025\/02\/WhatsApp-Image-2025-02-27-at-10.48.41-768x576.jpeg 768w, https:\/\/agora.xtec.cat\/cfasalvadordali\/wp-content\/uploads\/usu363\/2025\/02\/WhatsApp-Image-2025-02-27-at-10.48.41-1536x1152.jpeg 1536w, https:\/\/agora.xtec.cat\/cfasalvadordali\/wp-content\/uploads\/usu363\/2025\/02\/WhatsApp-Image-2025-02-27-at-10.48.41-200x150.jpeg 200w, https:\/\/agora.xtec.cat\/cfasalvadordali\/wp-content\/uploads\/usu363\/2025\/02\/WhatsApp-Image-2025-02-27-at-10.48.41.jpeg 2048w\" sizes=\"auto, (max-width: 300px) 100vw, 300px\" \/><\/a> Cumella. Va ser una jornada molt gratificant que ens va remoure moltes coses.<br \/>\nDurant el mat\u00ed un dels companys coneixia molt b\u00e9 la ciutat i ens va poder fer de guia tur\u00edstic.<br \/>\nQuina sort que vam tenir! Mentre passej\u00e0vem pel centre aquell dijous de mercat per uns carrers plens de gent, colors, olors i sons que ens tenien meravellats, en Tom\u00e0s ens va anar guiant per diferents racons: l\u2019Esgl\u00e9sia de Sant Esteve, l\u2019Ajuntament, la Porxada, la Muralla, la Biblioteca de Can Pedrals, l\u2019oficina de Turisme, el Mercat municipal de Sant Carles, el mural de la Colla Castellera dels Xics de Granollers i l\u2019escultura d\u2019en Patufet. Sab\u00edeu que l\u2019esgl\u00e9sia de Granollers \u00e9s d\u2019origen medieval per\u00f2 nom\u00e9s en queda el campanar d\u2019aquella \u00e8poca?<a href=\"https:\/\/agora.xtec.cat\/cfasalvadordali\/wp-content\/uploads\/usu363\/2025\/02\/WhatsApp-Image-2025-02-27-at-10.48.31.jpeg\"><img loading=\"lazy\" decoding=\"async\" class=\"size-medium wp-image-3667 alignright\" src=\"https:\/\/agora.xtec.cat\/cfasalvadordali\/wp-content\/uploads\/usu363\/2025\/02\/WhatsApp-Image-2025-02-27-at-10.48.31-300x225.jpeg\" alt=\"\" width=\"300\" height=\"225\" srcset=\"https:\/\/agora.xtec.cat\/cfasalvadordali\/wp-content\/uploads\/usu363\/2025\/02\/WhatsApp-Image-2025-02-27-at-10.48.31-300x225.jpeg 300w, https:\/\/agora.xtec.cat\/cfasalvadordali\/wp-content\/uploads\/usu363\/2025\/02\/WhatsApp-Image-2025-02-27-at-10.48.31-1024x768.jpeg 1024w, https:\/\/agora.xtec.cat\/cfasalvadordali\/wp-content\/uploads\/usu363\/2025\/02\/WhatsApp-Image-2025-02-27-at-10.48.31-768x576.jpeg 768w, https:\/\/agora.xtec.cat\/cfasalvadordali\/wp-content\/uploads\/usu363\/2025\/02\/WhatsApp-Image-2025-02-27-at-10.48.31-1536x1152.jpeg 1536w, https:\/\/agora.xtec.cat\/cfasalvadordali\/wp-content\/uploads\/usu363\/2025\/02\/WhatsApp-Image-2025-02-27-at-10.48.31-200x150.jpeg 200w, https:\/\/agora.xtec.cat\/cfasalvadordali\/wp-content\/uploads\/usu363\/2025\/02\/WhatsApp-Image-2025-02-27-at-10.48.31.jpeg 2040w\" sizes=\"auto, (max-width: 300px) 100vw, 300px\" \/><\/a> O que a la Porxada hi podeu trobar bigues de diferents anys degut als bombardejos del 38 durant la Guerra Civil? O que l\u2019anomenada Pedra de l\u2019Encant, diu la llegenda que \u00e9s all\u00e0 perqu\u00e8 li va dur una riuada fa molts i molts anys i que \u00e9s molt emblem\u00e0tica de la ciutat? Tot aix\u00f2 i moltes m\u00e9s curiositats les vam poder descobrir gr\u00e0cies al nostre company!<br \/>\n<a href=\"https:\/\/agora.xtec.cat\/cfasalvadordali\/wp-content\/uploads\/usu363\/2025\/02\/WhatsApp-Image-2025-02-27-at-10.48.37.jpeg\"><img loading=\"lazy\" decoding=\"async\" class=\"size-medium wp-image-3659 alignleft\" src=\"https:\/\/agora.xtec.cat\/cfasalvadordali\/wp-content\/uploads\/usu363\/2025\/02\/WhatsApp-Image-2025-02-27-at-10.48.37-225x300.jpeg\" alt=\"\" width=\"225\" height=\"300\" srcset=\"https:\/\/agora.xtec.cat\/cfasalvadordali\/wp-content\/uploads\/usu363\/2025\/02\/WhatsApp-Image-2025-02-27-at-10.48.37-225x300.jpeg 225w, https:\/\/agora.xtec.cat\/cfasalvadordali\/wp-content\/uploads\/usu363\/2025\/02\/WhatsApp-Image-2025-02-27-at-10.48.37-768x1024.jpeg 768w, https:\/\/agora.xtec.cat\/cfasalvadordali\/wp-content\/uploads\/usu363\/2025\/02\/WhatsApp-Image-2025-02-27-at-10.48.37-1152x1536.jpeg 1152w, https:\/\/agora.xtec.cat\/cfasalvadordali\/wp-content\/uploads\/usu363\/2025\/02\/WhatsApp-Image-2025-02-27-at-10.48.37.jpeg 1530w\" sizes=\"auto, (max-width: 225px) 100vw, 225px\" \/><\/a>Ja al migdia, vam anar a fer la xerrada sobre la nostra experi\u00e8ncia formativa amb els alumnes<br \/>\nde l\u2019institut, uns 100 alumnes! Creiem que va ser molt interessant i va aportar molts aprenentatges tant per ells i elles com per nosaltres. Vam percebre molt respecte i inter\u00e8s per part dels nois i noies que van estar molt atents i van mostrar-se curiosos. Ens van fer preguntes<br \/>\nmolt interessants per\u00f2 sempre des de la discreci\u00f3. Potser \u00e9s que ells tamb\u00e9 estaven tan impressionats com nosaltres. Les seves cares i reaccions ens ho deien. La nostra timidesa i els nervis, tamb\u00e9. S\u00ed, nosaltres per una estona ens vam sentir valorats i que el que pod\u00edem aportar amb la nostra experi\u00e8ncia i viv\u00e8ncia podia ser \u00fatil per aquells joves. Uns joves que nosaltres tamb\u00e9 vam ser un dia i, qui sap, si una xerrada com aquesta ens hagu\u00e9s anat b\u00e9 i la nostra vida hagu\u00e9s estat una altra. Va ser una viv\u00e8ncia inoblidable.<br \/>\n<a href=\"https:\/\/agora.xtec.cat\/cfasalvadordali\/wp-content\/uploads\/usu363\/2025\/02\/WhatsApp-Image-2025-02-27-at-10.48.29.jpeg\"><img loading=\"lazy\" decoding=\"async\" class=\"size-medium wp-image-3664 alignleft\" src=\"https:\/\/agora.xtec.cat\/cfasalvadordali\/wp-content\/uploads\/usu363\/2025\/02\/WhatsApp-Image-2025-02-27-at-10.48.29-225x300.jpeg\" alt=\"\" width=\"225\" height=\"300\" srcset=\"https:\/\/agora.xtec.cat\/cfasalvadordali\/wp-content\/uploads\/usu363\/2025\/02\/WhatsApp-Image-2025-02-27-at-10.48.29-225x300.jpeg 225w, https:\/\/agora.xtec.cat\/cfasalvadordali\/wp-content\/uploads\/usu363\/2025\/02\/WhatsApp-Image-2025-02-27-at-10.48.29-768x1024.jpeg 768w, https:\/\/agora.xtec.cat\/cfasalvadordali\/wp-content\/uploads\/usu363\/2025\/02\/WhatsApp-Image-2025-02-27-at-10.48.29-1152x1536.jpeg 1152w, https:\/\/agora.xtec.cat\/cfasalvadordali\/wp-content\/uploads\/usu363\/2025\/02\/WhatsApp-Image-2025-02-27-at-10.48.29.jpeg 1530w\" sizes=\"auto, (max-width: 225px) 100vw, 225px\" \/><\/a>Despr\u00e9s de dinar, ja a la tarda, vam poder fer una darrera passejada per Roca Umbert, la F\u00e0brica de les Arts, un lloc ben bonic per acabar la nostra jornada. I aquesta \u00e9s la cr\u00f2nica de la nostra sortida, una bona experi\u00e8ncia per nosaltres i esperem que<br \/>\ntamb\u00e9 pels nois i noies i, si vam aconseguir que un jove no entri a la pres\u00f3 ja ens sentim satisfets perqu\u00e8 entrar \u00e9s molt f\u00e0cil, per\u00f2 sortir-ne costa molt.<\/p>\n<p>Tom\u00e0s, Brandon, Mamadou i Gast\u00f3n<\/p>\n","protected":false},"excerpt":{"rendered":"<p>REFLEXI\u00d3 DELS ALUMNES: Tom\u00e0s, Brandon, Mamadou i Gast\u00f3n<br \/>\nEl passat dia 20, quatre companys de l\u2019escola, en Tom\u00e0s, en Brandon, en Mamadou i en<br \/>\nGast\u00f3n i; dos mestres, en Josep i l\u2019Elisenda, vam anar a fer una passejada pel centre de<br \/>\nGranollers i una xerrada per l\u2019alumnat de&hellip;  <a href=\"https:\/\/agora.xtec.cat\/cfasalvadordali\/general\/sortida-al-ies-antoni-cumella\/\" title=\"Read SORTIDA A L&#8217; IES ANTONI CUMELLA\">Llegeix m\u00e9s\u00bb<\/a><\/p>\n","protected":false},"author":54,"featured_media":3658,"comment_status":"open","ping_status":"closed","sticky":false,"template":"","format":"standard","meta":{"_bbp_topic_count":0,"_bbp_reply_count":0,"_bbp_total_topic_count":0,"_bbp_total_reply_count":0,"_bbp_voice_count":0,"_bbp_anonymous_reply_count":0,"_bbp_topic_count_hidden":0,"_bbp_reply_count_hidden":0,"_bbp_forum_subforum_count":0,"footnotes":""},"categories":[96,208,1,29],"tags":[],"class_list":["post-3657","post","type-post","status-publish","format-standard","has-post-thumbnail","hentry","category-activitats-culturals","category-activitats-de-formacio","category-general","category-portada"],"post_mailing_queue_ids":[],"_links":{"self":[{"href":"https:\/\/agora.xtec.cat\/cfasalvadordali\/wp-json\/wp\/v2\/posts\/3657","targetHints":{"allow":["GET"]}}],"collection":[{"href":"https:\/\/agora.xtec.cat\/cfasalvadordali\/wp-json\/wp\/v2\/posts"}],"about":[{"href":"https:\/\/agora.xtec.cat\/cfasalvadordali\/wp-json\/wp\/v2\/types\/post"}],"author":[{"embeddable":true,"href":"https:\/\/agora.xtec.cat\/cfasalvadordali\/wp-json\/wp\/v2\/users\/54"}],"replies":[{"embeddable":true,"href":"https:\/\/agora.xtec.cat\/cfasalvadordali\/wp-json\/wp\/v2\/comments?post=3657"}],"version-history":[{"count":6,"href":"https:\/\/agora.xtec.cat\/cfasalvadordali\/wp-json\/wp\/v2\/posts\/3657\/revisions"}],"predecessor-version":[{"id":3672,"href":"https:\/\/agora.xtec.cat\/cfasalvadordali\/wp-json\/wp\/v2\/posts\/3657\/revisions\/3672"}],"wp:featuredmedia":[{"embeddable":true,"href":"https:\/\/agora.xtec.cat\/cfasalvadordali\/wp-json\/wp\/v2\/media\/3658"}],"wp:attachment":[{"href":"https:\/\/agora.xtec.cat\/cfasalvadordali\/wp-json\/wp\/v2\/media?parent=3657"}],"wp:term":[{"taxonomy":"category","embeddable":true,"href":"https:\/\/agora.xtec.cat\/cfasalvadordali\/wp-json\/wp\/v2\/categories?post=3657"},{"taxonomy":"post_tag","embeddable":true,"href":"https:\/\/agora.xtec.cat\/cfasalvadordali\/wp-json\/wp\/v2\/tags?post=3657"}],"curies":[{"name":"wp","href":"https:\/\/api.w.org\/{rel}","templated":true}]}}