{"id":3619,"date":"2025-02-18T19:25:21","date_gmt":"2025-02-18T18:25:21","guid":{"rendered":"https:\/\/agora.xtec.cat\/cfasalvadordali\/?p=3619"},"modified":"2025-02-19T11:26:01","modified_gmt":"2025-02-19T10:26:01","slug":"primers-tallers-deffec-tallers-financers","status":"publish","type":"post","link":"https:\/\/agora.xtec.cat\/cfasalvadordali\/general\/primers-tallers-deffec-tallers-financers\/","title":{"rendered":"PRIMERS TALLERS D&#8217;EFEC, TALLERS FINANCERS"},"content":{"rendered":"<p>Sab\u00edeu que el 25% del nostre sou se\u2019n va en foteses? Com n\u2019\u00e9s d\u2019important saber organitzar-se!<\/p>\n<p>Un any m\u00e9s, el <em data-start=\"114\" data-end=\"133\">CFA Salvador Dal\u00ed<\/em> ha pres part en els tallers del programa d&#8217;alfabetitzaci\u00f3\u00a0 financera a c\u00e0rrec d&#8217;EFEC, una iniciativa impulsada per diverses entitats banc\u00e0ries i col\u00b7legis professionals. <a href=\"https:\/\/agora.xtec.cat\/cfasalvadordali\/wp-content\/uploads\/usu363\/2025\/02\/3.png\"><img loading=\"lazy\" decoding=\"async\" class=\"size-medium wp-image-3624 alignleft\" src=\"https:\/\/agora.xtec.cat\/cfasalvadordali\/wp-content\/uploads\/usu363\/2025\/02\/3-300x292.png\" alt=\"\" width=\"300\" height=\"292\" srcset=\"https:\/\/agora.xtec.cat\/cfasalvadordali\/wp-content\/uploads\/usu363\/2025\/02\/3-300x292.png 300w, https:\/\/agora.xtec.cat\/cfasalvadordali\/wp-content\/uploads\/usu363\/2025\/02\/3.png 410w\" sizes=\"auto, (max-width: 300px) 100vw, 300px\" \/><\/a>En el taller d\u2019avui L\u2019economia del teu dia a dia, \u00a0l\u2019atenci\u00f3 s\u2019ha posat en l\u2019economia dom\u00e8stica. Alguns dels aspectes clau abordats han estat l\u2019elaboraci\u00f3 d\u2019un pressupost familiar, la difer\u00e8ncia entre ingressos i despeses, la creaci\u00f3 d\u2019un fons d\u2019emerg\u00e8ncia, els conceptes fonamentals d\u2019una n\u00f2mina i el paper dels impostos. Els formadors d\u2019EFFEC que han vingut avui al centre, l\u2019Adolfo i el Carlos han fet un treball excel\u00b7lent, han aconseguit captar l&#8217;atenci\u00f3 dels participants, mantenint-los molt implicats al llarg de tota la sessi\u00f3.<\/p>\n<p>En total s\u2019han programat un total de\u00a0 10 sessions de les quals podran gaudir els alumnes de formaci\u00f3 Instrumental i GESO. Per saber.ne m\u00e9s:\u00a0<a href=\"https:\/\/efec.cat\/\"> https:\/\/efec.cat\/<\/a><\/p>\n<p>&nbsp;<\/p>\n<p><a href=\"https:\/\/agora.xtec.cat\/cfasalvadordali\/wp-content\/uploads\/usu363\/2025\/02\/6.png\"><br \/>\n<img loading=\"lazy\" decoding=\"async\" class=\"size-medium wp-image-3620 alignright\" src=\"https:\/\/agora.xtec.cat\/cfasalvadordali\/wp-content\/uploads\/usu363\/2025\/02\/6-234x300.png\" alt=\"\" width=\"234\" height=\"300\" srcset=\"https:\/\/agora.xtec.cat\/cfasalvadordali\/wp-content\/uploads\/usu363\/2025\/02\/6-234x300.png 234w, https:\/\/agora.xtec.cat\/cfasalvadordali\/wp-content\/uploads\/usu363\/2025\/02\/6.png 470w\" sizes=\"auto, (max-width: 234px) 100vw, 234px\" \/><\/a><\/p>\n<p><a href=\"https:\/\/agora.xtec.cat\/cfasalvadordali\/wp-content\/uploads\/usu363\/2025\/02\/5-2.png\"><img loading=\"lazy\" decoding=\"async\" class=\"size-medium wp-image-3621 alignleft\" src=\"https:\/\/agora.xtec.cat\/cfasalvadordali\/wp-content\/uploads\/usu363\/2025\/02\/5-2-257x300.png\" alt=\"\" width=\"257\" height=\"300\" srcset=\"https:\/\/agora.xtec.cat\/cfasalvadordali\/wp-content\/uploads\/usu363\/2025\/02\/5-2-257x300.png 257w, https:\/\/agora.xtec.cat\/cfasalvadordali\/wp-content\/uploads\/usu363\/2025\/02\/5-2.png 469w\" sizes=\"auto, (max-width: 257px) 100vw, 257px\" \/><\/a> <a href=\"https:\/\/agora.xtec.cat\/cfasalvadordali\/wp-content\/uploads\/usu363\/2025\/02\/4-1.png\"><img loading=\"lazy\" decoding=\"async\" class=\"size-medium wp-image-3623 alignleft\" src=\"https:\/\/agora.xtec.cat\/cfasalvadordali\/wp-content\/uploads\/usu363\/2025\/02\/4-1-220x300.png\" alt=\"\" width=\"220\" height=\"300\" srcset=\"https:\/\/agora.xtec.cat\/cfasalvadordali\/wp-content\/uploads\/usu363\/2025\/02\/4-1-220x300.png 220w, https:\/\/agora.xtec.cat\/cfasalvadordali\/wp-content\/uploads\/usu363\/2025\/02\/4-1.png 450w\" sizes=\"auto, (max-width: 220px) 100vw, 220px\" \/><\/a><\/p>\n","protected":false},"excerpt":{"rendered":"<p>Sab\u00edeu que el 25% del nostre sou se\u2019n va en foteses? Com n\u2019\u00e9s d\u2019important saber organitzar-se!<br \/>\nUn any m\u00e9s, el CFA Salvador Dal\u00ed ha pres part en els tallers del programa d&#8217;alfabetitzaci\u00f3\u00a0 financera a c\u00e0rrec d&#8217;EFEC, una iniciativa impulsada per diverses entitats banc\u00e0ries i col\u00b7legis professionals.&hellip;  <a href=\"https:\/\/agora.xtec.cat\/cfasalvadordali\/general\/primers-tallers-deffec-tallers-financers\/\" title=\"Read PRIMERS TALLERS D&#8217;EFEC, TALLERS FINANCERS\">Llegeix m\u00e9s\u00bb<\/a><\/p>\n","protected":false},"author":54,"featured_media":3624,"comment_status":"open","ping_status":"closed","sticky":false,"template":"","format":"standard","meta":{"_bbp_topic_count":0,"_bbp_reply_count":0,"_bbp_total_topic_count":0,"_bbp_total_reply_count":0,"_bbp_voice_count":0,"_bbp_anonymous_reply_count":0,"_bbp_topic_count_hidden":0,"_bbp_reply_count_hidden":0,"_bbp_forum_subforum_count":0,"footnotes":""},"categories":[87,94,1,84,85,29],"tags":[],"class_list":["post-3619","post","type-post","status-publish","format-standard","has-post-thumbnail","hentry","category-fi","category-fi2","category-general","category-ges1","category-geso","category-portada"],"post_mailing_queue_ids":[],"_links":{"self":[{"href":"https:\/\/agora.xtec.cat\/cfasalvadordali\/wp-json\/wp\/v2\/posts\/3619","targetHints":{"allow":["GET"]}}],"collection":[{"href":"https:\/\/agora.xtec.cat\/cfasalvadordali\/wp-json\/wp\/v2\/posts"}],"about":[{"href":"https:\/\/agora.xtec.cat\/cfasalvadordali\/wp-json\/wp\/v2\/types\/post"}],"author":[{"embeddable":true,"href":"https:\/\/agora.xtec.cat\/cfasalvadordali\/wp-json\/wp\/v2\/users\/54"}],"replies":[{"embeddable":true,"href":"https:\/\/agora.xtec.cat\/cfasalvadordali\/wp-json\/wp\/v2\/comments?post=3619"}],"version-history":[{"count":6,"href":"https:\/\/agora.xtec.cat\/cfasalvadordali\/wp-json\/wp\/v2\/posts\/3619\/revisions"}],"predecessor-version":[{"id":3636,"href":"https:\/\/agora.xtec.cat\/cfasalvadordali\/wp-json\/wp\/v2\/posts\/3619\/revisions\/3636"}],"wp:featuredmedia":[{"embeddable":true,"href":"https:\/\/agora.xtec.cat\/cfasalvadordali\/wp-json\/wp\/v2\/media\/3624"}],"wp:attachment":[{"href":"https:\/\/agora.xtec.cat\/cfasalvadordali\/wp-json\/wp\/v2\/media?parent=3619"}],"wp:term":[{"taxonomy":"category","embeddable":true,"href":"https:\/\/agora.xtec.cat\/cfasalvadordali\/wp-json\/wp\/v2\/categories?post=3619"},{"taxonomy":"post_tag","embeddable":true,"href":"https:\/\/agora.xtec.cat\/cfasalvadordali\/wp-json\/wp\/v2\/tags?post=3619"}],"curies":[{"name":"wp","href":"https:\/\/api.w.org\/{rel}","templated":true}]}}