{"id":3461,"date":"2025-02-06T10:59:12","date_gmt":"2025-02-06T09:59:12","guid":{"rendered":"https:\/\/agora.xtec.cat\/cfasalvadordali\/?p=3461"},"modified":"2025-02-06T11:01:31","modified_gmt":"2025-02-06T10:01:31","slug":"cultura-y-fauna","status":"publish","type":"post","link":"https:\/\/agora.xtec.cat\/cfasalvadordali\/portada\/cultura-y-fauna\/","title":{"rendered":"CULTURA Y FAUNA"},"content":{"rendered":"<p>Els alumnes de lleng\u00fces que estan treballant llengua Castellana i Catalana han realitzat una Situaci\u00f3 d&#8217;Aprenentatge on hem buscat informaci\u00f3 sobre fauna i la relaci\u00f3 amb la zona geogr\u00e0fica on viuen. Hem pogut veure que el clima, el paisatge&#8230;.s\u00f3n determinants en la pres\u00e8ncia de fauna<\/p>\n<p><a href=\"https:\/\/agora.xtec.cat\/cfasalvadordali\/wp-content\/uploads\/usu363\/2025\/02\/IMG-20250204-WA0001-1-1.jpg\"><img loading=\"lazy\" decoding=\"async\" class=\"alignnone size-large wp-image-3463\" src=\"https:\/\/agora.xtec.cat\/cfasalvadordali\/wp-content\/uploads\/usu363\/2025\/02\/IMG-20250204-WA0001-1-1-1024x576.jpg\" alt=\"\" width=\"1024\" height=\"576\" srcset=\"https:\/\/agora.xtec.cat\/cfasalvadordali\/wp-content\/uploads\/usu363\/2025\/02\/IMG-20250204-WA0001-1-1-1024x576.jpg 1024w, https:\/\/agora.xtec.cat\/cfasalvadordali\/wp-content\/uploads\/usu363\/2025\/02\/IMG-20250204-WA0001-1-1-300x169.jpg 300w, https:\/\/agora.xtec.cat\/cfasalvadordali\/wp-content\/uploads\/usu363\/2025\/02\/IMG-20250204-WA0001-1-1-768x432.jpg 768w, https:\/\/agora.xtec.cat\/cfasalvadordali\/wp-content\/uploads\/usu363\/2025\/02\/IMG-20250204-WA0001-1-1-1536x864.jpg 1536w, https:\/\/agora.xtec.cat\/cfasalvadordali\/wp-content\/uploads\/usu363\/2025\/02\/IMG-20250204-WA0001-1-1.jpg 2048w\" sizes=\"auto, (max-width: 1024px) 100vw, 1024px\" \/><\/a><\/p>\n","protected":false},"excerpt":{"rendered":"<p>Els alumnes de lleng\u00fces que estan treballant llengua Castellana i Catalana han realitzat una Situaci\u00f3 d&#8217;Aprenentatge on hem buscat informaci\u00f3 sobre fauna i la relaci\u00f3 amb la zona geogr\u00e0fica on viuen. Hem pogut veure que el clima, el paisatge&#8230;.s\u00f3n determinants en la pres\u00e8ncia de fauna<br \/>\n<a&hellip;  <a href=\"https:\/\/agora.xtec.cat\/cfasalvadordali\/portada\/cultura-y-fauna\/\" title=\"Read CULTURA Y FAUNA\">Llegeix m\u00e9s\u00bb<\/a><\/p>\n","protected":false},"author":1,"featured_media":3463,"comment_status":"open","ping_status":"closed","sticky":false,"template":"","format":"standard","meta":{"_bbp_topic_count":0,"_bbp_reply_count":0,"_bbp_total_topic_count":0,"_bbp_total_reply_count":0,"_bbp_voice_count":0,"_bbp_anonymous_reply_count":0,"_bbp_topic_count_hidden":0,"_bbp_reply_count_hidden":0,"_bbp_forum_subforum_count":0,"footnotes":""},"categories":[205,29],"tags":[],"class_list":["post-3461","post","type-post","status-publish","format-standard","has-post-thumbnail","hentry","category-llengues","category-portada"],"post_mailing_queue_ids":[],"_links":{"self":[{"href":"https:\/\/agora.xtec.cat\/cfasalvadordali\/wp-json\/wp\/v2\/posts\/3461","targetHints":{"allow":["GET"]}}],"collection":[{"href":"https:\/\/agora.xtec.cat\/cfasalvadordali\/wp-json\/wp\/v2\/posts"}],"about":[{"href":"https:\/\/agora.xtec.cat\/cfasalvadordali\/wp-json\/wp\/v2\/types\/post"}],"author":[{"embeddable":true,"href":"https:\/\/agora.xtec.cat\/cfasalvadordali\/wp-json\/wp\/v2\/users\/1"}],"replies":[{"embeddable":true,"href":"https:\/\/agora.xtec.cat\/cfasalvadordali\/wp-json\/wp\/v2\/comments?post=3461"}],"version-history":[{"count":2,"href":"https:\/\/agora.xtec.cat\/cfasalvadordali\/wp-json\/wp\/v2\/posts\/3461\/revisions"}],"predecessor-version":[{"id":3465,"href":"https:\/\/agora.xtec.cat\/cfasalvadordali\/wp-json\/wp\/v2\/posts\/3461\/revisions\/3465"}],"wp:featuredmedia":[{"embeddable":true,"href":"https:\/\/agora.xtec.cat\/cfasalvadordali\/wp-json\/wp\/v2\/media\/3463"}],"wp:attachment":[{"href":"https:\/\/agora.xtec.cat\/cfasalvadordali\/wp-json\/wp\/v2\/media?parent=3461"}],"wp:term":[{"taxonomy":"category","embeddable":true,"href":"https:\/\/agora.xtec.cat\/cfasalvadordali\/wp-json\/wp\/v2\/categories?post=3461"},{"taxonomy":"post_tag","embeddable":true,"href":"https:\/\/agora.xtec.cat\/cfasalvadordali\/wp-json\/wp\/v2\/tags?post=3461"}],"curies":[{"name":"wp","href":"https:\/\/api.w.org\/{rel}","templated":true}]}}