{"id":3447,"date":"2025-01-31T23:01:19","date_gmt":"2025-01-31T22:01:19","guid":{"rendered":"https:\/\/agora.xtec.cat\/cfasalvadordali\/?p=3447"},"modified":"2025-01-31T23:01:19","modified_gmt":"2025-01-31T22:01:19","slug":"som-el-que-mengem","status":"publish","type":"post","link":"https:\/\/agora.xtec.cat\/cfasalvadordali\/general\/som-el-que-mengem\/","title":{"rendered":"SOM EL QUE MENGEM"},"content":{"rendered":"<p>Reflexions d&#8217;en Miguel \u00c1ngel, alumne de GES 1 de les 17h:<\/p>\n<p>En el economato de la prisi\u00f3n podemos encontrar muchos productos, pero uno de mis favoritos son las nueces. Las compro siempre porque soy deportista y me gusta cuidarme. Son una gran fuente de prote\u00ednas de alta calidad, esenciales para los m\u00fasculos, y contienen grasas omega-6, muy beneficiosas para el coraz\u00f3n. Adem\u00e1s, aportan fibra, que ayuda al tr\u00e1nsito intestinal y al buen funcionamiento del organismo. Estas son, b\u00e1sicamente, las razones por las que elijo este alimento.<\/p>\n<figure class=\"figure wp-caption alignleft\"><a href=\"https:\/\/agora.xtec.cat\/cfasalvadordali\/wp-content\/uploads\/usu363\/2025\/01\/5.png\"><img loading=\"lazy\" decoding=\"async\" class=\"wp-image-3436 size-medium\" src=\"https:\/\/agora.xtec.cat\/cfasalvadordali\/wp-content\/uploads\/usu363\/2025\/01\/5-222x300.png\" alt=\"\" width=\"222\" height=\"300\" srcset=\"https:\/\/agora.xtec.cat\/cfasalvadordali\/wp-content\/uploads\/usu363\/2025\/01\/5-222x300.png 222w, https:\/\/agora.xtec.cat\/cfasalvadordali\/wp-content\/uploads\/usu363\/2025\/01\/5.png 655w\" sizes=\"auto, (max-width: 222px) 100vw, 222px\" \/><\/a><figcaption class=\"wp-caption-text\">En Miguel amb el p\u00f2ster de Ges 1<\/figcaption><\/figure>\n<p>El otro producto que podemos encontrar en el economato son las golosinas. Yo, la verdad, nunca las compro. No aportan ning\u00fan nutriente saludable, sino todo lo contrario: est\u00e1n llenas de az\u00facares refinados y calor\u00edas vac\u00edas. Adem\u00e1s, pueden aumentar el colesterol malo, da\u00f1ar los dientes e incluso afectar la salud del est\u00f3mago debido a la gran cantidad de aditivos y productos qu\u00edmicos que contienen. Por eso, prefiero evitarlas.<\/p>\n<p>Al final, elegir un alimento u otro depende de nosotros, de la informaci\u00f3n que tengamos y de la educaci\u00f3n que recibamos sobre nutrici\u00f3n. Cuanto m\u00e1s sepamos sobre lo que comemos, mejores decisiones podremos tomar para nuestra salud.<\/p>\n<p>En la Escuela este trimestre hemos aprendido sobre diet\u00e9tica y nutrici\u00f3n, podeis ver el poster en el Hall de la escuela.<\/p>\n","protected":false},"excerpt":{"rendered":"<p>Reflexions d&#8217;en Miguel \u00c1ngel, alumne de GES 1 de les 17h:<br \/>\nEn el economato de la prisi\u00f3n podemos encontrar muchos productos, pero uno de mis favoritos son las nueces. Las compro siempre porque soy deportista y me gusta cuidarme. Son una gran fuente de prote\u00ednas de&hellip;  <a href=\"https:\/\/agora.xtec.cat\/cfasalvadordali\/general\/som-el-que-mengem\/\" title=\"Read SOM EL QUE MENGEM\">Llegeix m\u00e9s\u00bb<\/a><\/p>\n","protected":false},"author":54,"featured_media":3436,"comment_status":"open","ping_status":"closed","sticky":false,"template":"","format":"standard","meta":{"_bbp_topic_count":0,"_bbp_reply_count":0,"_bbp_total_topic_count":0,"_bbp_total_reply_count":0,"_bbp_voice_count":0,"_bbp_anonymous_reply_count":0,"_bbp_topic_count_hidden":0,"_bbp_reply_count_hidden":0,"_bbp_forum_subforum_count":0,"footnotes":""},"categories":[1,84,85,29],"tags":[],"class_list":["post-3447","post","type-post","status-publish","format-standard","has-post-thumbnail","hentry","category-general","category-ges1","category-geso","category-portada"],"post_mailing_queue_ids":[],"_links":{"self":[{"href":"https:\/\/agora.xtec.cat\/cfasalvadordali\/wp-json\/wp\/v2\/posts\/3447","targetHints":{"allow":["GET"]}}],"collection":[{"href":"https:\/\/agora.xtec.cat\/cfasalvadordali\/wp-json\/wp\/v2\/posts"}],"about":[{"href":"https:\/\/agora.xtec.cat\/cfasalvadordali\/wp-json\/wp\/v2\/types\/post"}],"author":[{"embeddable":true,"href":"https:\/\/agora.xtec.cat\/cfasalvadordali\/wp-json\/wp\/v2\/users\/54"}],"replies":[{"embeddable":true,"href":"https:\/\/agora.xtec.cat\/cfasalvadordali\/wp-json\/wp\/v2\/comments?post=3447"}],"version-history":[{"count":2,"href":"https:\/\/agora.xtec.cat\/cfasalvadordali\/wp-json\/wp\/v2\/posts\/3447\/revisions"}],"predecessor-version":[{"id":3451,"href":"https:\/\/agora.xtec.cat\/cfasalvadordali\/wp-json\/wp\/v2\/posts\/3447\/revisions\/3451"}],"wp:featuredmedia":[{"embeddable":true,"href":"https:\/\/agora.xtec.cat\/cfasalvadordali\/wp-json\/wp\/v2\/media\/3436"}],"wp:attachment":[{"href":"https:\/\/agora.xtec.cat\/cfasalvadordali\/wp-json\/wp\/v2\/media?parent=3447"}],"wp:term":[{"taxonomy":"category","embeddable":true,"href":"https:\/\/agora.xtec.cat\/cfasalvadordali\/wp-json\/wp\/v2\/categories?post=3447"},{"taxonomy":"post_tag","embeddable":true,"href":"https:\/\/agora.xtec.cat\/cfasalvadordali\/wp-json\/wp\/v2\/tags?post=3447"}],"curies":[{"name":"wp","href":"https:\/\/api.w.org\/{rel}","templated":true}]}}