{"id":3416,"date":"2024-12-19T13:41:29","date_gmt":"2024-12-19T12:41:29","guid":{"rendered":"https:\/\/agora.xtec.cat\/cfasalvadordali\/?p=3416"},"modified":"2024-12-19T13:42:26","modified_gmt":"2024-12-19T12:42:26","slug":"we-are-different-we-are-the-same","status":"publish","type":"post","link":"https:\/\/agora.xtec.cat\/cfasalvadordali\/portada\/we-are-different-we-are-the-same\/","title":{"rendered":"WE ARE DIFFERENT, WE ARE THE SAME"},"content":{"rendered":"<div>\n<p>Aquest primer trimestre els alumnes d\u2019angl\u00e8s han dut a terme un projecte que\u00a0surt de la realitat que vivim cada dia al nostre centre i que ens enriqueix com a individus i com a comunitat educativa, la nostra diversitat cultural.<\/p>\n<p>Hem aprofitat aquesta oportunitat per treballar\u00a0la identitat i la diversitat cultural\u00a0amb els alumnes d\u2019angl\u00e8s i, tamb\u00e9 estendre aquest projecte a la resta d\u2019alumnat de l\u2019escola.<\/p>\n<p>El nostre objectiu era plasmar aquesta diversitat cultural i reflexionar sobre la necessitat d\u2019acceptar i respectar a tothom malgrat les nostres difer\u00e8ncies, ja que, al cap i a la fi,\u00a0\u2018SOM DIFERENTS, PER\u00d2 TAMB\u00c9 SOM IGUALS\u2019.<\/p>\n<p>L\u2019alumnat tenia el repte de dissenyar i portar a terme una entrevista per tal de con\u00e8ixer i enregistrar els diferents or\u00edgens presents al centre educatiu, i m\u00e9s tard, elaborar amb material reciclat un mapa del m\u00f3n per exhibir al vest\u00edbul de l\u2019escola.<\/p>\n<p>Aqu\u00ed deixem una fotografia del mural que ells mateixos han dissenyat i creat.<\/p>\n<p><strong>GOOD JOB!! YOU ARE FANTASTIC<\/strong><\/p>\n<p><b>!<\/b><a href=\"https:\/\/agora.xtec.cat\/cfasalvadordali\/wp-content\/uploads\/usu363\/2024\/12\/IMG_20241218_125328-scaled.jpg\"><img loading=\"lazy\" decoding=\"async\" class=\"alignnone wp-image-3417\" src=\"https:\/\/agora.xtec.cat\/cfasalvadordali\/wp-content\/uploads\/usu363\/2024\/12\/IMG_20241218_125328-1024x771.jpg\" alt=\"\" width=\"790\" height=\"595\" srcset=\"https:\/\/agora.xtec.cat\/cfasalvadordali\/wp-content\/uploads\/usu363\/2024\/12\/IMG_20241218_125328-1024x771.jpg 1024w, https:\/\/agora.xtec.cat\/cfasalvadordali\/wp-content\/uploads\/usu363\/2024\/12\/IMG_20241218_125328-300x226.jpg 300w, https:\/\/agora.xtec.cat\/cfasalvadordali\/wp-content\/uploads\/usu363\/2024\/12\/IMG_20241218_125328-768x578.jpg 768w, https:\/\/agora.xtec.cat\/cfasalvadordali\/wp-content\/uploads\/usu363\/2024\/12\/IMG_20241218_125328-1536x1157.jpg 1536w, https:\/\/agora.xtec.cat\/cfasalvadordali\/wp-content\/uploads\/usu363\/2024\/12\/IMG_20241218_125328-2048x1542.jpg 2048w, https:\/\/agora.xtec.cat\/cfasalvadordali\/wp-content\/uploads\/usu363\/2024\/12\/IMG_20241218_125328-200x150.jpg 200w\" sizes=\"auto, (max-width: 790px) 100vw, 790px\" \/><\/a><\/p>\n<\/div>\n","protected":false},"excerpt":{"rendered":"<p>Aquest primer trimestre els alumnes d\u2019angl\u00e8s han dut a terme un projecte que\u00a0surt de la realitat que vivim cada dia al nostre centre i que ens enriqueix com a individus i com a comunitat educativa, la nostra diversitat cultural.<br \/>\nHem aprofitat aquesta oportunitat per treballar\u00a0la identitat&hellip;  <a href=\"https:\/\/agora.xtec.cat\/cfasalvadordali\/portada\/we-are-different-we-are-the-same\/\" title=\"Read WE ARE DIFFERENT, WE ARE THE SAME\">Llegeix m\u00e9s\u00bb<\/a><\/p>\n","protected":false},"author":1,"featured_media":3417,"comment_status":"open","ping_status":"closed","sticky":false,"template":"","format":"standard","meta":{"_bbp_topic_count":0,"_bbp_reply_count":0,"_bbp_total_topic_count":0,"_bbp_total_reply_count":0,"_bbp_voice_count":0,"_bbp_anonymous_reply_count":0,"_bbp_topic_count_hidden":0,"_bbp_reply_count_hidden":0,"_bbp_forum_subforum_count":0,"footnotes":""},"categories":[119,205,29],"tags":[],"class_list":["post-3416","post","type-post","status-publish","format-standard","has-post-thumbnail","hentry","category-angles-3","category-llengues","category-portada"],"post_mailing_queue_ids":[],"_links":{"self":[{"href":"https:\/\/agora.xtec.cat\/cfasalvadordali\/wp-json\/wp\/v2\/posts\/3416","targetHints":{"allow":["GET"]}}],"collection":[{"href":"https:\/\/agora.xtec.cat\/cfasalvadordali\/wp-json\/wp\/v2\/posts"}],"about":[{"href":"https:\/\/agora.xtec.cat\/cfasalvadordali\/wp-json\/wp\/v2\/types\/post"}],"author":[{"embeddable":true,"href":"https:\/\/agora.xtec.cat\/cfasalvadordali\/wp-json\/wp\/v2\/users\/1"}],"replies":[{"embeddable":true,"href":"https:\/\/agora.xtec.cat\/cfasalvadordali\/wp-json\/wp\/v2\/comments?post=3416"}],"version-history":[{"count":3,"href":"https:\/\/agora.xtec.cat\/cfasalvadordali\/wp-json\/wp\/v2\/posts\/3416\/revisions"}],"predecessor-version":[{"id":3420,"href":"https:\/\/agora.xtec.cat\/cfasalvadordali\/wp-json\/wp\/v2\/posts\/3416\/revisions\/3420"}],"wp:featuredmedia":[{"embeddable":true,"href":"https:\/\/agora.xtec.cat\/cfasalvadordali\/wp-json\/wp\/v2\/media\/3417"}],"wp:attachment":[{"href":"https:\/\/agora.xtec.cat\/cfasalvadordali\/wp-json\/wp\/v2\/media?parent=3416"}],"wp:term":[{"taxonomy":"category","embeddable":true,"href":"https:\/\/agora.xtec.cat\/cfasalvadordali\/wp-json\/wp\/v2\/categories?post=3416"},{"taxonomy":"post_tag","embeddable":true,"href":"https:\/\/agora.xtec.cat\/cfasalvadordali\/wp-json\/wp\/v2\/tags?post=3416"}],"curies":[{"name":"wp","href":"https:\/\/api.w.org\/{rel}","templated":true}]}}