{"id":3409,"date":"2024-12-16T12:10:03","date_gmt":"2024-12-16T11:10:03","guid":{"rendered":"https:\/\/agora.xtec.cat\/cfasalvadordali\/?p=3409"},"modified":"2024-12-16T12:10:03","modified_gmt":"2024-12-16T11:10:03","slug":"recull-de-premsa-de-la-lliga-de-debat","status":"publish","type":"post","link":"https:\/\/agora.xtec.cat\/cfasalvadordali\/general\/recull-de-premsa-de-la-lliga-de-debat\/","title":{"rendered":"RECULL DE PREMSA DE LA LLIGA DE DEBAT"},"content":{"rendered":"<p>PUBLICAT A EL PA\u00cdS EL DIA 8.12.24 PER SERGI LLANAS<\/p>\n<p><a href=\"https:\/\/elpais.com\/espana\/catalunya\/2024-12-08\/la-liga-de-debate-de-la-carcel-de-quatre-camins-nadie-vive-en-cautividad-por-voluntad-propia.html#?prm=copy_link\"><img loading=\"lazy\" decoding=\"async\" class=\"aligncenter wp-image-3411 size-full\" src=\"https:\/\/agora.xtec.cat\/cfasalvadordali\/wp-content\/uploads\/usu363\/2024\/12\/EL-PAIS-2.png\" alt=\"\" width=\"759\" height=\"548\" srcset=\"https:\/\/agora.xtec.cat\/cfasalvadordali\/wp-content\/uploads\/usu363\/2024\/12\/EL-PAIS-2.png 759w, https:\/\/agora.xtec.cat\/cfasalvadordali\/wp-content\/uploads\/usu363\/2024\/12\/EL-PAIS-2-300x217.png 300w\" sizes=\"auto, (max-width: 759px) 100vw, 759px\" \/><\/a><\/p>\n<h2>La liga de debate de la c\u00e1rcel de Quatre Camins: \u201cNadie vive en cautividad por voluntad propia\u201d La Universitat Pompeu Fabra organiza junto a la consejer\u00eda de Justicia la octava edici\u00f3n de la competici\u00f3n de oratoria en centros penitenciarios catalanes<\/h2>\n<p class=\"\">No todo son barrotes y celdas en la c\u00e1rcel de Quatre Camins. El arte de la oratoria ha calado en la vida de los internos de este\u00a0<a href=\"https:\/\/elpais.com\/noticias\/centros-penitenciarios\/\" target=\"_blank\" rel=\"noopener\" data-link-track-dtm=\"\" data-mrf-link=\"https:\/\/elpais.com\/noticias\/centros-penitenciarios\/\">centro penitenciario<\/a>\u00a0de Granollers (Barcelona), donde el pasado jueves se celebr\u00f3 la octava edici\u00f3n de la Liga de Debate, organizada por la\u00a0<a href=\"https:\/\/elpais.com\/noticias\/upf-universidad-pompeu-fabra\/\" target=\"_blank\" rel=\"noopener\" data-link-track-dtm=\"\" data-mrf-link=\"https:\/\/elpais.com\/noticias\/upf-universidad-pompeu-fabra\/\">Universitat Pompeu Fabra\u00a0<\/a>y el departamento de Justicia de la Generalitat. Es la segunda en este centro. Seis equipos y 30 internos han logrado levantar a todo el sal\u00f3n de actos con su curtida capacidad de argumentar sobre un tema que interpela a la mayor\u00eda: \u00bfHay que prohibir la presencia de animales en cautividad en zool\u00f3gicos o reservas?<\/p>\n<p class=\"\">Los presos de Quatre Camins han dado\u00a0<a href=\"https:\/\/elpais.com\/espana\/catalunya\/2024-01-19\/cataluna-apuesta-por-reducir-la-poblacion-reclusa-para-mejorar-la-seguridad-ciudadana.html\" target=\"_blank\" rel=\"noopener\" data-link-track-dtm=\"\" data-mrf-link=\"https:\/\/elpais.com\/espana\/catalunya\/2024-01-19\/cataluna-apuesta-por-reducir-la-poblacion-reclusa-para-mejorar-la-seguridad-ciudadana.html\">un paso adelante en su reinserci\u00f3n\u00a0<\/a>tras haber entrenado durante un mes algo tan dif\u00edcil como hablar en p\u00fablico. El jurado ha estado formado por el reconocido dramaturgo Paco Ant\u00f3n y los periodistas Espartac Peran y Elisenda Colell. \u201cEs admirable c\u00f3mo hab\u00e9is conseguido romper el muro que separa el escenario de la platea\u201d, ha remarcado Ant\u00f3n. Y es que los participantes no s\u00f3lo han traspasado ese umbral, tambi\u00e9n han vencido al estigma asociado a su condici\u00f3n de interno. Almamy, miembro del equipo vencedor,\u00a0<i>El Rugit de Quatre Camins<\/i>, ha cautivado al p\u00fablico con su desparpajo. \u201cMe present\u00e9 porque creo que hablamos de un tema que puede hacer reflexionar a las personas, y eso que no es f\u00e1cil defender una postura en la quiz\u00e1s no coincides. Nos hemos divertido mucho\u201d, celebra.<\/p>\n<p>Tampoco falt\u00f3 el sentido del humor all\u00ed donde m\u00e1s falta hace. En el turno de las refutaciones, un participante del equipo contrario desat\u00f3 las carcajadas de los internos que los apoyaban desde las butacas: \u201cDebemos endurecer las leyes contra el maltrato animal y la cautividad. La gente se las salta. Vosotros lo sab\u00e9is mejor que nadie\u201d, dice en tono ir\u00f3nico aludiendo a sus compa\u00f1eros.<\/p>\n<p class=\"\">El papel de los voluntarios de la UPF, capitanes de los equipos, y de las formadoras de la escuela Salvador Dal\u00ed, centro educativo del mismo centro, ha sido crucial para que la liga haya sido un \u00e9xito. N\u00faria Via, estudiante de derecho y capitana del equipo\u00a0<i>Hakuna Matata<\/i>, se ha mostrado visiblemente emocionada al contar c\u00f3mo ha sido el proceso de formaci\u00f3n. \u201cLos primeros cuatro d\u00edas son de entrenamiento. Les ense\u00f1amos a ordenar sus ideas, a estructurar argumentos y a refutarlos con fundamentos\u201d. Lo que m\u00e1s ha enorgullecido a Via ha sido lograr que expresen sus argumentos en base a las ideas que m\u00e1s se acercan a sus valores. \u201cLa complicidad que se genera entre internos y voluntarios es incre\u00edble\u201d, ha concluido.<\/p>\n<p><a href=\"https:\/\/agora.xtec.cat\/cfasalvadordali\/wp-content\/uploads\/usu363\/2024\/12\/EL-PAIS-1.png\"><img loading=\"lazy\" decoding=\"async\" class=\"aligncenter wp-image-3413 size-large\" src=\"https:\/\/agora.xtec.cat\/cfasalvadordali\/wp-content\/uploads\/usu363\/2024\/12\/EL-PAIS-1-1024x669.png\" alt=\"\" width=\"1024\" height=\"669\" srcset=\"https:\/\/agora.xtec.cat\/cfasalvadordali\/wp-content\/uploads\/usu363\/2024\/12\/EL-PAIS-1-1024x669.png 1024w, https:\/\/agora.xtec.cat\/cfasalvadordali\/wp-content\/uploads\/usu363\/2024\/12\/EL-PAIS-1-300x196.png 300w, https:\/\/agora.xtec.cat\/cfasalvadordali\/wp-content\/uploads\/usu363\/2024\/12\/EL-PAIS-1-768x502.png 768w, https:\/\/agora.xtec.cat\/cfasalvadordali\/wp-content\/uploads\/usu363\/2024\/12\/EL-PAIS-1.png 1161w\" sizes=\"auto, (max-width: 1024px) 100vw, 1024px\" \/><\/a><\/p>\n<p class=\"\">Es la segunda edici\u00f3n que se celebra en Quatre Camins, pero en los\u00a0<a href=\"https:\/\/elpais.com\/noticias\/carcel-brians\/\" target=\"_blank\" rel=\"noopener\" data-link-track-dtm=\"\" data-mrf-link=\"https:\/\/elpais.com\/noticias\/carcel-brians\/\">centros penitenciarios de Brians y Brians 2\u00a0<\/a>ya se han organizado dos y cuatro ligas de debate respectivamente. El director general del centro, Joan Pere Queralt, ha intervenido al final de la competici\u00f3n para poner en valor la educaci\u00f3n como la m\u00e1s poderosa de las herramientas para lograr la reinserci\u00f3n de los internos. \u201cNo fue f\u00e1cil organizarlo, pero ten\u00edamos claro que deb\u00edamos llevarlo a cabo. Esto tiene una dimensi\u00f3n enorme y debemos llevarlo a todo el territorio\u201d, ha subrayado.<\/p>\n<p class=\"\">\u201cEl ser humano es el problema, pero puede ser la soluci\u00f3n\u201d, ha defendido Brian, miembro del equipo ganador. El anhelo de libertad ha estado presente en todas las argumentaciones, tanto de un equipo como del otro. Marc, orador de\u00a0<i>Animals Salvatges<\/i>, se ha acercado al centro del escenario y ha hecho su \u00faltima intervenci\u00f3n: \u201cNadie vive en cautividad por voluntad propia. No lo olvid\u00e9is, ni p\u00e1jaros sin cielo, ni orcas sin mar\u201d.<\/p>\n<div id=\"elpais_gpt-INTEXT\" data-google-query-id=\"CNzH-ImSrIoDFbYkBgAdVL4M1g\"><\/div>\n<p>&nbsp;<\/p>\n<p>&nbsp;<\/p>\n","protected":false},"excerpt":{"rendered":"<p>PUBLICAT A EL PA\u00cdS EL DIA 8.12.24 PER SERGI LLANAS<br \/>\n<a href=\"https:\/\/elpais.com\/espana\/catalunya\/2024-12-08\/la-liga-de-debate-de-la-carcel-de-quatre-camins-nadie-vive-en-cautividad-por-voluntad-propia.html#?prm=copy_link\"><\/a><br \/>\nLa liga de debate de la c\u00e1rcel de Quatre Camins: \u201cNadie vive en cautividad por voluntad propia\u201d La Universitat Pompeu Fabra organiza junto a la consejer\u00eda de Justicia la octava edici\u00f3n de la competici\u00f3n de&hellip;  <a href=\"https:\/\/agora.xtec.cat\/cfasalvadordali\/general\/recull-de-premsa-de-la-lliga-de-debat\/\" title=\"Read RECULL DE PREMSA DE LA LLIGA DE DEBAT\">Llegeix m\u00e9s\u00bb<\/a><\/p>\n","protected":false},"author":54,"featured_media":3413,"comment_status":"open","ping_status":"closed","sticky":false,"template":"","format":"standard","meta":{"_bbp_topic_count":0,"_bbp_reply_count":0,"_bbp_total_topic_count":0,"_bbp_total_reply_count":0,"_bbp_voice_count":0,"_bbp_anonymous_reply_count":0,"_bbp_topic_count_hidden":0,"_bbp_reply_count_hidden":0,"_bbp_forum_subforum_count":0,"footnotes":""},"categories":[96,208,1,29],"tags":[],"class_list":["post-3409","post","type-post","status-publish","format-standard","has-post-thumbnail","hentry","category-activitats-culturals","category-activitats-de-formacio","category-general","category-portada"],"post_mailing_queue_ids":[],"_links":{"self":[{"href":"https:\/\/agora.xtec.cat\/cfasalvadordali\/wp-json\/wp\/v2\/posts\/3409","targetHints":{"allow":["GET"]}}],"collection":[{"href":"https:\/\/agora.xtec.cat\/cfasalvadordali\/wp-json\/wp\/v2\/posts"}],"about":[{"href":"https:\/\/agora.xtec.cat\/cfasalvadordali\/wp-json\/wp\/v2\/types\/post"}],"author":[{"embeddable":true,"href":"https:\/\/agora.xtec.cat\/cfasalvadordali\/wp-json\/wp\/v2\/users\/54"}],"replies":[{"embeddable":true,"href":"https:\/\/agora.xtec.cat\/cfasalvadordali\/wp-json\/wp\/v2\/comments?post=3409"}],"version-history":[{"count":4,"href":"https:\/\/agora.xtec.cat\/cfasalvadordali\/wp-json\/wp\/v2\/posts\/3409\/revisions"}],"predecessor-version":[{"id":3415,"href":"https:\/\/agora.xtec.cat\/cfasalvadordali\/wp-json\/wp\/v2\/posts\/3409\/revisions\/3415"}],"wp:featuredmedia":[{"embeddable":true,"href":"https:\/\/agora.xtec.cat\/cfasalvadordali\/wp-json\/wp\/v2\/media\/3413"}],"wp:attachment":[{"href":"https:\/\/agora.xtec.cat\/cfasalvadordali\/wp-json\/wp\/v2\/media?parent=3409"}],"wp:term":[{"taxonomy":"category","embeddable":true,"href":"https:\/\/agora.xtec.cat\/cfasalvadordali\/wp-json\/wp\/v2\/categories?post=3409"},{"taxonomy":"post_tag","embeddable":true,"href":"https:\/\/agora.xtec.cat\/cfasalvadordali\/wp-json\/wp\/v2\/tags?post=3409"}],"curies":[{"name":"wp","href":"https:\/\/api.w.org\/{rel}","templated":true}]}}