{"id":3396,"date":"2024-12-01T16:26:23","date_gmt":"2024-12-01T15:26:23","guid":{"rendered":"https:\/\/agora.xtec.cat\/cfasalvadordali\/?p=3396"},"modified":"2024-12-01T16:38:26","modified_gmt":"2024-12-01T15:38:26","slug":"escolta","status":"publish","type":"post","link":"https:\/\/agora.xtec.cat\/cfasalvadordali\/portada\/escolta\/","title":{"rendered":"ARGUMENTAR I DEBATRE A QUATRE CAMINS. ESCOLTA ELS PROTAGOSNISTES DE LA LLIGA DE DEBAT A CATALUNYA R\u00c0DIO"},"content":{"rendered":"<!--[if lt IE 9]><script>document.createElement('audio');<\/script><![endif]-->\n\t<div class=\"wp-playlist wp-audio-playlist wp-playlist-light\">\n\t\t\t<div class=\"wp-playlist-current-item\"><\/div>\n\t\t<audio controls=\"controls\" preload=\"none\" width=\"640\"\n\t\t\t><\/audio>\n\t<div class=\"wp-playlist-next\"><\/div>\n\t<div class=\"wp-playlist-prev\"><\/div>\n\t<noscript>\n\t<ol>\n\t\t<li><a href='https:\/\/agora.xtec.cat\/cfasalvadordali\/wp-content\/uploads\/usu363\/2024\/12\/argumentar-i-debatre-a-la-preso-de-quatre-camins-la-final-de-la-lliga-de-debat.mp3'>LA lLIGA DE DEBAT A CATALUNYA NIT<\/a><\/li>\t<\/ol>\n\t<\/noscript>\n\t<script type=\"application\/json\" class=\"wp-playlist-script\">{\"type\":\"audio\",\"tracklist\":true,\"tracknumbers\":true,\"images\":true,\"artists\":true,\"tracks\":[{\"src\":\"https:\\\/\\\/agora.xtec.cat\\\/cfasalvadordali\\\/wp-content\\\/uploads\\\/usu363\\\/2024\\\/12\\\/argumentar-i-debatre-a-la-preso-de-quatre-camins-la-final-de-la-lliga-de-debat.mp3\",\"type\":\"audio\\\/mpeg\",\"title\":\"LA lLIGA DE DEBAT A CATALUNYA NIT\",\"caption\":\"\",\"description\":\"\\u00abargumentar-i-debatre-a-la-preso-de-quatre-camins-la-final-de-la-lliga-de-debat\\u00bb.\",\"meta\":{\"length_formatted\":\"7:52\"},\"image\":{\"src\":\"https:\\\/\\\/agora.xtec.cat\\\/cfasalvadordali\\\/wp-includes\\\/images\\\/media\\\/audio.svg\",\"width\":48,\"height\":64},\"thumb\":{\"src\":\"https:\\\/\\\/agora.xtec.cat\\\/cfasalvadordali\\\/wp-includes\\\/images\\\/media\\\/audio.svg\",\"width\":48,\"height\":64}}]}<\/script>\n<\/div>\n\t\n<p>La Universitat Pompeu Fabra, l&#8217;escola d&#8217;adults Salvador Dal\u00ed i\u00a0 el Departament de Just\u00edcia han treballat durant dos mesos amb 30 interns de Quatre Camins que han volgut participar en aquesta lliga de debat. Els han fet classes d&#8217;orat\u00f2ria per parlar en p\u00fablic, els han ajudat a preparar l&#8217;argumentari i els han acompanyat en la defensa del seu equip. La lliga de debat \u00e9s una eina molt \u00fatil per fomentar l&#8217;esperit cr\u00edtic, la confian\u00e7a, la capcitat de treballar en equip i la toler\u00e0ncia.<\/p>\n<p style=\"text-align: justify;\">Link al programa de r\u00e0dio:<br \/>\n<a href=\"https:\/\/www.3cat.cat\/3cat\/argumentar-i-debatre-a-la-preso-de-quatre-camins-la-final-de-la-lliga-de-debat\/audio\/1226342\/\">https:\/\/www.3cat.cat\/3cat\/argumentar-i-debatre-a-la-preso-de-quatre-camins-la-final-de-la-lliga-de-debat\/audio\/1226342\/<\/a><a href=\"https:\/\/agora.xtec.cat\/cfasalvadordali\/wp-content\/uploads\/usu363\/2024\/12\/3Cat_portada.svg\"><img decoding=\"async\" class=\"aligncenter wp-image-3401 size-full\" src=\"https:\/\/agora.xtec.cat\/cfasalvadordali\/wp-content\/uploads\/usu363\/2024\/12\/3Cat_portada.svg\" alt=\"\" \/><\/a><\/p>\n<p><a href=\"https:\/\/agora.xtec.cat\/cfasalvadordali\/wp-content\/uploads\/usu363\/2024\/12\/CATALUNYA-RADIO.svg\"><img loading=\"lazy\" decoding=\"async\" class=\"aligncenter size-medium wp-image-3402\" src=\"https:\/\/agora.xtec.cat\/cfasalvadordali\/wp-content\/uploads\/usu363\/2024\/12\/CATALUNYA-RADIO.svg\" alt=\"\" width=\"1\" height=\"1\" \/><\/a><\/p>\n","protected":false},"excerpt":{"rendered":"<ol>\n<li><a href='https:\/\/agora.xtec.cat\/cfasalvadordali\/wp-content\/uploads\/usu363\/2024\/12\/argumentar-i-debatre-a-la-preso-de-quatre-camins-la-final-de-la-lliga-de-debat.mp3'>LA lLIGA DE DEBAT A CATALUNYA NIT<\/a><\/li>\n<\/ol>\n<p>La Universitat Pompeu Fabra, l&#8217;escola d&#8217;adults Salvador Dal\u00ed i\u00a0 el Departament de Just\u00edcia han treballat durant dos mesos amb 30 interns de Quatre Camins que han volgut participar en aquesta lliga de debat. Els han fet classes d&#8217;orat\u00f2ria&hellip;  <a href=\"https:\/\/agora.xtec.cat\/cfasalvadordali\/portada\/escolta\/\" title=\"Read ARGUMENTAR I DEBATRE A QUATRE CAMINS. ESCOLTA ELS PROTAGOSNISTES DE LA LLIGA DE DEBAT A CATALUNYA R\u00c0DIO\">Llegeix m\u00e9s\u00bb<\/a><\/p>\n","protected":false},"author":54,"featured_media":3401,"comment_status":"open","ping_status":"closed","sticky":false,"template":"","format":"standard","meta":{"_bbp_topic_count":0,"_bbp_reply_count":0,"_bbp_total_topic_count":0,"_bbp_total_reply_count":0,"_bbp_voice_count":0,"_bbp_anonymous_reply_count":0,"_bbp_topic_count_hidden":0,"_bbp_reply_count_hidden":0,"_bbp_forum_subforum_count":0,"footnotes":""},"categories":[29],"tags":[],"class_list":["post-3396","post","type-post","status-publish","format-standard","has-post-thumbnail","hentry","category-portada"],"post_mailing_queue_ids":[],"_links":{"self":[{"href":"https:\/\/agora.xtec.cat\/cfasalvadordali\/wp-json\/wp\/v2\/posts\/3396","targetHints":{"allow":["GET"]}}],"collection":[{"href":"https:\/\/agora.xtec.cat\/cfasalvadordali\/wp-json\/wp\/v2\/posts"}],"about":[{"href":"https:\/\/agora.xtec.cat\/cfasalvadordali\/wp-json\/wp\/v2\/types\/post"}],"author":[{"embeddable":true,"href":"https:\/\/agora.xtec.cat\/cfasalvadordali\/wp-json\/wp\/v2\/users\/54"}],"replies":[{"embeddable":true,"href":"https:\/\/agora.xtec.cat\/cfasalvadordali\/wp-json\/wp\/v2\/comments?post=3396"}],"version-history":[{"count":6,"href":"https:\/\/agora.xtec.cat\/cfasalvadordali\/wp-json\/wp\/v2\/posts\/3396\/revisions"}],"predecessor-version":[{"id":3407,"href":"https:\/\/agora.xtec.cat\/cfasalvadordali\/wp-json\/wp\/v2\/posts\/3396\/revisions\/3407"}],"wp:featuredmedia":[{"embeddable":true,"href":"https:\/\/agora.xtec.cat\/cfasalvadordali\/wp-json\/wp\/v2\/media\/3401"}],"wp:attachment":[{"href":"https:\/\/agora.xtec.cat\/cfasalvadordali\/wp-json\/wp\/v2\/media?parent=3396"}],"wp:term":[{"taxonomy":"category","embeddable":true,"href":"https:\/\/agora.xtec.cat\/cfasalvadordali\/wp-json\/wp\/v2\/categories?post=3396"},{"taxonomy":"post_tag","embeddable":true,"href":"https:\/\/agora.xtec.cat\/cfasalvadordali\/wp-json\/wp\/v2\/tags?post=3396"}],"curies":[{"name":"wp","href":"https:\/\/api.w.org\/{rel}","templated":true}]}}