{"id":3387,"date":"2024-12-01T12:42:52","date_gmt":"2024-12-01T11:42:52","guid":{"rendered":"https:\/\/agora.xtec.cat\/cfasalvadordali\/?p=3387"},"modified":"2024-12-01T12:44:14","modified_gmt":"2024-12-01T11:44:14","slug":"recull-de-premsa-sobre-la-lliga-de-debat","status":"publish","type":"post","link":"https:\/\/agora.xtec.cat\/cfasalvadordali\/general\/recull-de-premsa-sobre-la-lliga-de-debat\/","title":{"rendered":"RECULL DE PREMSA SOBRE LA LLIGA DE DEBAT"},"content":{"rendered":"<div id=\"nom_page\">\n<h1><a href=\"https:\/\/agora.xtec.cat\/cfasalvadordali\/wp-content\/uploads\/usu363\/2024\/12\/logo.webp\"><img loading=\"lazy\" decoding=\"async\" class=\"aligncenter size-medium wp-image-3391\" src=\"https:\/\/agora.xtec.cat\/cfasalvadordali\/wp-content\/uploads\/usu363\/2024\/12\/logo-300x104.webp\" alt=\"\" width=\"300\" height=\"104\" srcset=\"https:\/\/agora.xtec.cat\/cfasalvadordali\/wp-content\/uploads\/usu363\/2024\/12\/logo-300x104.webp 300w, https:\/\/agora.xtec.cat\/cfasalvadordali\/wp-content\/uploads\/usu363\/2024\/12\/logo.webp 334w\" sizes=\"auto, (max-width: 300px) 100vw, 300px\" \/><\/a>La Lliga de Debat torna a Quatre Camins per reflexionar sobre els animals en captivitat<\/h1>\n<\/div>\n<div class=\"contingut subtitol\">\n<p><em>S\u2019ha de prohibir la pres\u00e8ncia d\u2019animals en captivitat en zool\u00f2gics o reserves?<\/em>\u00a0Aquest ha estat el tema de debat triat pels mateixos participants. En total, hi han participat una trentena d\u2019interns del centre distribu\u00efts en sis equips.<\/p>\n<\/div>\n<p dir=\"ltr\" style=\"text-align: justify;\">Per segon any consecutiu, la\u00a0<strong>Lliga de Debat de la Universitat Pompeu Fabra<\/strong>\u00a0ha tornat al centre Penitenciari de\u00a0<strong>Quatre Camins<\/strong>. \u00c9s la<strong>\u00a0vuitena edici\u00f3 de la lliga<\/strong>\u00a0i, enguany una trentena d\u2019interns distribu\u00efts en sis equips han debatut al voltant d\u2019un tema triat per ells mateixos:\u00a0<em>s\u2019ha de prohibir la pres\u00e8ncia d\u2019animals en captivitat en zool\u00f2gics o reserves?<\/em>\u00a0Els equips han hagut de defensar aleat\u00f2riament un dels dos posicionaments, a favor i en contra, amb arguments, dades i una correcta posada en escena que, en molts casos, han volgut acompanyar amb elements gr\u00e0fics.<\/p>\n<p dir=\"ltr\" style=\"text-align: justify;\">Les setmanes pr\u00e8vies a la final els interns s\u2019han preparat amb l\u2019ajuda dels formadors i voluntaris de la UPF amb classes d\u2019orat\u00f2ria i expressi\u00f3 corporal. Han estat quatre dies de formaci\u00f3 per donar-los eines per parlar en p\u00fablic, ajudar a endre\u00e7ar idees\u2026\u00a0<strong>\u201cTots els participants han estat molt receptius en tot moment als consells que els don\u00e0vem\u201d<\/strong>, explica\u00a0<strong>N\u00faria Via<\/strong>, estudiant de Dret de la UPF i capitana d\u2019un dels equips:\u00a0<strong>\u201cel que m\u00e9s valoren \u00e9s que els ajudem a tenir confian\u00e7a en ells mateixos\u201d<\/strong>. \u201cPer a mi \u00e9s una experi\u00e8ncia incre\u00efble perqu\u00e8 sortim del nostre entorn habitual\u201d, afegeix la N\u00faria: \u201cestic segura que\u00a0<strong>ser\u00e0 un dels aprenentatges m\u00e9s grans que m\u2019endur\u00e9 de la carrera\u201d<\/strong>. A banda dels voluntaris de la UPF, tamb\u00e9 \u00e9s essencial la feina dels professors del centre.<\/p>\n<p><img loading=\"lazy\" decoding=\"async\" src=\"https:\/\/www.upf.edu\/documents\/10193\/288747423\/foto+debat+rellotge.jpeg\/5ac768aa-4946-70ce-f6b1-d773e202f895?t=1732885426997\" alt=\"\" width=\"500\" height=\"375\" \/><\/p>\n<p dir=\"ltr\" style=\"text-align: justify;\"><em>Un dels moments de la final de la Lliga de Debat<\/em><br \/>\nPer als interns \u00e9s una oportunitat \u00fanica. En\u00a0<strong>Marc<\/strong>, de l\u2019equip Animats Salvatges no amaga que ha estat un mes intens perqu\u00e8\u00a0<strong>\u201chem hagut de combinar el dia a dia amb la feina, els estudis i a m\u00e9s a m\u00e9s les classes d\u2019orat\u00f2ria\u201d<\/strong>\u00a0per\u00f2 t\u00e9 clar que ha valgut la pena:\u00a0<strong>\u201cl\u2019evoluci\u00f3 ha sigut brutal i per mi ha estat tot un repte aprendre a argumentar i defensar posicions amb les quals, en realitat, no hi crec i no comparteixo\u201d<\/strong>. Tamb\u00e9 l\u2019<strong>Almamy<\/strong>\u00a0de l\u2019equip El rugiT de Quatre Camins, admet que ha estat \u201cuna feinada\u201d per\u00f2 es mostra molt content perqu\u00e8 ha apr\u00e8s \u201cmoltes coses noves\u201d:\u00a0<strong>\u201cho hem donat tot, ens hem divertit i crec que ja he perdut la vergonya per sempre\u201d<\/strong>.<\/p>\n<p dir=\"ltr\" style=\"text-align: justify;\">A principis de setmana van tenir lloc les fases classificat\u00f2ries i aquest dijous s\u2019han disputat les semifinals i la final. Un\u00a0<strong>jurat d\u2019honor<\/strong>\u00a0format pels periodistes\u00a0<strong>Espartac Peran<\/strong>\u00a0i\u00a0<strong>Elisenda Colell<\/strong>, i pel director de l\u2019Aula de Teatre de la UPF,\u00a0<strong>Pep Anton G\u00f3mez\u00a0<\/strong>ha estat l\u2019encarregat de decidir el guanyador. Tot i que el m\u00e9s valorat per tothom \u00e9s l\u2019experi\u00e8ncia viscuda i els aprenentatges, finalment el\u00a0<strong>guanyador\u00a0<\/strong>ha estat l\u2019equip\u00a0<strong>El rugiT de Quatre Camins<\/strong>.<\/p>\n<p style=\"text-align: justify;\"><img loading=\"lazy\" decoding=\"async\" src=\"https:\/\/www.upf.edu\/documents\/10193\/288747423\/foto+guanyadors+debat.jpeg\/0abe881d-1b33-25d6-cdc9-629f705a1fa5?t=1732885371250\" alt=\"\" width=\"500\" height=\"375\" \/><\/p>\n<p dir=\"ltr\"><em>L&#8217;equip guanyador del debat, El rugiT de Quatre Camins.<\/em><\/p>\n<p dir=\"ltr\" style=\"text-align: justify;\">\u201cTots heu fet una feina incre\u00efble\u201d ha assegurat la periodista Elisenda Colell, \u201cens heu emocionat\u201d. Per la seva banda, Pep Anton G\u00f3mez, dramaturg i director de teatre, ha adm\u00e8s que els interns tenien al davant una tasca molt dif\u00edcil i l\u2019han superada amb \u00e8xit.\u00a0<strong>\u201cEstic sorpr\u00e8s amb el nivell dels participants\u201d<\/strong>, reconeix: \u201cfa molts anys que faig classe de teatre i \u00e9s dificil\u00edssim pujar dalt d\u2019un escenari i trencar la paret amb el p\u00fablic. Ells ho han fet i amb molt bona nota\u201d, afegeix.\u00a0 Tamb\u00e9 s\u2019ha fet entrega al Premi al Millor Orador de la Lliga de Debat, on el guanyador de l\u2019any passat li ha passat el testimoni al d\u2019aquest any.\u00a0<strong>\u201cActivitats com aquesta ens demostren que amb esfor\u00e7 tot \u00e9s possible\u201d<\/strong>, han concl\u00f2s.<\/p>\n<h3 dir=\"ltr\">La paraula com a eina de transformaci\u00f3<\/h3>\n<p dir=\"ltr\" style=\"text-align: justify;\">El projecte de la Lliga de Debat \u00e9s una iniciativa de responsabilitat social impulsada per la Universitat a trav\u00e9s del Servei de Sostenibilitat, Atenci\u00f3 i Comprom\u00eds Universitari, i s\u2019organitza conjuntament amb el\u00a0<a href=\"https:\/\/agora.xtec.cat\/cfasalvadordali\/\">Centre de Formaci\u00f3 d\u2019Adults Salvador Dal\u00ed<\/a>\u00a0en col\u00b7laboraci\u00f3 amb el Departament de Just\u00edcia i Qualitat Democr\u00e0tica de la Generalitat. L\u2019acte l\u2019han clos la\u00a0<strong>vicerectora de Sostenibilitat i Comprom\u00eds Social<\/strong>,\u00a0<strong>Eva Pujadas<\/strong>, i el director general d\u2019Afers Penitenciaris, Josep Maria Montero.<\/p>\n<p dir=\"ltr\" style=\"text-align: justify;\">Amb aquest projecte la UPF vol contribuir a la formaci\u00f3 per a la reinserci\u00f3 social i a reduir el rebuig i estigmatitzaci\u00f3 social dels interns i les internes dels centres penitenciaris. Es tracta d\u2019una adaptaci\u00f3 de la lliga de debat universit\u00e0ria de la UPF en el marc d\u2019un centre penitenciari, que inclou una formaci\u00f3 presencial en orat\u00f2ria per a les persones internes i la posterior organitzaci\u00f3 d\u2019una lliga de debat per equips.<\/p>\n<p dir=\"ltr\" style=\"text-align: justify;\">El\u00a0<a href=\"https:\/\/www.upf.edu\/web\/upfparticipacio\/lliga-debat-centres-penitenciaris\">projecte\u00a0<\/a>s\u2019emmarca dins el conveni de col\u00b7laboraci\u00f3 signat amb el Departament de Just\u00edcia de la Generalitat de Catalunya i est\u00e0 organitzat pel servei de Sostenibilitat, Atenci\u00f3 i Comprom\u00eds Universitaris (<a href=\"https:\/\/www.upf.edu\/web\/sacu\">SACU<\/a>).<\/p>\n<p dir=\"ltr\" style=\"text-align: justify;\">LinKa l&#8217;article:<\/p>\n<p><a href=\"https:\/\/www.upf.edu\/web\/focus\/noticies\/-\/asset_publisher\/qOocsyZZDGHL\/content\/lliga-debat-quatre-camins\/10193\/maximized\">https:\/\/www.upf.edu\/web\/focus\/noticies\/-\/asset_publisher\/qOocsyZZDGHL\/content\/lliga-debat-quatre-camins\/10193\/maximized<\/a><\/p>\n","protected":false},"excerpt":{"rendered":"<p><a href=\"https:\/\/agora.xtec.cat\/cfasalvadordali\/wp-content\/uploads\/usu363\/2024\/12\/logo.webp\"><\/a>La Lliga de Debat torna a Quatre Camins per reflexionar sobre els animals en captivitat<\/p>\n<p>S\u2019ha de prohibir la pres\u00e8ncia d\u2019animals en captivitat en zool\u00f2gics o reserves?\u00a0Aquest ha estat el tema de debat triat pels mateixos participants. En total, hi han participat una trentena d\u2019interns&hellip;  <a href=\"https:\/\/agora.xtec.cat\/cfasalvadordali\/general\/recull-de-premsa-sobre-la-lliga-de-debat\/\" title=\"Read RECULL DE PREMSA SOBRE LA LLIGA DE DEBAT\">Llegeix m\u00e9s\u00bb<\/a><\/p>\n","protected":false},"author":54,"featured_media":3391,"comment_status":"open","ping_status":"closed","sticky":false,"template":"","format":"standard","meta":{"_bbp_topic_count":0,"_bbp_reply_count":0,"_bbp_total_topic_count":0,"_bbp_total_reply_count":0,"_bbp_voice_count":0,"_bbp_anonymous_reply_count":0,"_bbp_topic_count_hidden":0,"_bbp_reply_count_hidden":0,"_bbp_forum_subforum_count":0,"footnotes":""},"categories":[96,208,1,29],"tags":[],"class_list":["post-3387","post","type-post","status-publish","format-standard","has-post-thumbnail","hentry","category-activitats-culturals","category-activitats-de-formacio","category-general","category-portada"],"post_mailing_queue_ids":[],"_links":{"self":[{"href":"https:\/\/agora.xtec.cat\/cfasalvadordali\/wp-json\/wp\/v2\/posts\/3387","targetHints":{"allow":["GET"]}}],"collection":[{"href":"https:\/\/agora.xtec.cat\/cfasalvadordali\/wp-json\/wp\/v2\/posts"}],"about":[{"href":"https:\/\/agora.xtec.cat\/cfasalvadordali\/wp-json\/wp\/v2\/types\/post"}],"author":[{"embeddable":true,"href":"https:\/\/agora.xtec.cat\/cfasalvadordali\/wp-json\/wp\/v2\/users\/54"}],"replies":[{"embeddable":true,"href":"https:\/\/agora.xtec.cat\/cfasalvadordali\/wp-json\/wp\/v2\/comments?post=3387"}],"version-history":[{"count":5,"href":"https:\/\/agora.xtec.cat\/cfasalvadordali\/wp-json\/wp\/v2\/posts\/3387\/revisions"}],"predecessor-version":[{"id":3393,"href":"https:\/\/agora.xtec.cat\/cfasalvadordali\/wp-json\/wp\/v2\/posts\/3387\/revisions\/3393"}],"wp:featuredmedia":[{"embeddable":true,"href":"https:\/\/agora.xtec.cat\/cfasalvadordali\/wp-json\/wp\/v2\/media\/3391"}],"wp:attachment":[{"href":"https:\/\/agora.xtec.cat\/cfasalvadordali\/wp-json\/wp\/v2\/media?parent=3387"}],"wp:term":[{"taxonomy":"category","embeddable":true,"href":"https:\/\/agora.xtec.cat\/cfasalvadordali\/wp-json\/wp\/v2\/categories?post=3387"},{"taxonomy":"post_tag","embeddable":true,"href":"https:\/\/agora.xtec.cat\/cfasalvadordali\/wp-json\/wp\/v2\/tags?post=3387"}],"curies":[{"name":"wp","href":"https:\/\/api.w.org\/{rel}","templated":true}]}}