{"id":3379,"date":"2024-11-21T14:08:13","date_gmt":"2024-11-21T13:08:13","guid":{"rendered":"https:\/\/agora.xtec.cat\/cfasalvadordali\/?p=3379"},"modified":"2024-11-21T14:17:18","modified_gmt":"2024-11-21T13:17:18","slug":"origens","status":"publish","type":"post","link":"https:\/\/agora.xtec.cat\/cfasalvadordali\/general\/origens\/","title":{"rendered":"OR\u00cdGENS"},"content":{"rendered":"<p><b>&#8220;Com ens defineixen els nostres or\u00edgens culturals, ling\u00fc\u00edstics i personals, i com podem aprofitar aquesta diversitat per construir un futur millor?&#8221;<\/b> Els alumnes de Catal\u00e0 del m\u00f2dul 6 estan duent a terme aquest repte que els convida a pensar sobre la seva pr\u00f2pia identitat i la dels altres, reconeixent que cadasc\u00fa porta amb ell una hist\u00f2ria \u00fanica que contribueix al conjunt. Aquest mural col\u00b7lectiu \u00e9s fruit de les seves \u00a0pr\u00f2pies viv\u00e8ncies, valors culturals i traject\u00f2ries vitals.<\/p>\n<p><a href=\"https:\/\/agora.xtec.cat\/cfasalvadordali\/wp-content\/uploads\/usu363\/2024\/11\/Captura.PNG1_.png\"><img loading=\"lazy\" decoding=\"async\" class=\"alignnone wp-image-3380\" src=\"https:\/\/agora.xtec.cat\/cfasalvadordali\/wp-content\/uploads\/usu363\/2024\/11\/Captura.PNG1_-1024x618.png\" alt=\"\" width=\"529\" height=\"319\" srcset=\"https:\/\/agora.xtec.cat\/cfasalvadordali\/wp-content\/uploads\/usu363\/2024\/11\/Captura.PNG1_-1024x618.png 1024w, https:\/\/agora.xtec.cat\/cfasalvadordali\/wp-content\/uploads\/usu363\/2024\/11\/Captura.PNG1_-300x181.png 300w, https:\/\/agora.xtec.cat\/cfasalvadordali\/wp-content\/uploads\/usu363\/2024\/11\/Captura.PNG1_-768x463.png 768w, https:\/\/agora.xtec.cat\/cfasalvadordali\/wp-content\/uploads\/usu363\/2024\/11\/Captura.PNG1_.png 1054w\" sizes=\"auto, (max-width: 529px) 100vw, 529px\" \/><\/a><a href=\"https:\/\/agora.xtec.cat\/cfasalvadordali\/wp-content\/uploads\/usu363\/2024\/11\/Captura.PNG2_.png\"><img loading=\"lazy\" decoding=\"async\" class=\"alignnone wp-image-3381\" src=\"https:\/\/agora.xtec.cat\/cfasalvadordali\/wp-content\/uploads\/usu363\/2024\/11\/Captura.PNG2_-1024x675.png\" alt=\"\" width=\"485\" height=\"319\" srcset=\"https:\/\/agora.xtec.cat\/cfasalvadordali\/wp-content\/uploads\/usu363\/2024\/11\/Captura.PNG2_-1024x675.png 1024w, https:\/\/agora.xtec.cat\/cfasalvadordali\/wp-content\/uploads\/usu363\/2024\/11\/Captura.PNG2_-300x198.png 300w, https:\/\/agora.xtec.cat\/cfasalvadordali\/wp-content\/uploads\/usu363\/2024\/11\/Captura.PNG2_-768x506.png 768w, https:\/\/agora.xtec.cat\/cfasalvadordali\/wp-content\/uploads\/usu363\/2024\/11\/Captura.PNG2_.png 1175w\" sizes=\"auto, (max-width: 485px) 100vw, 485px\" \/><\/a><\/p>\n<p><a href=\"https:\/\/agora.xtec.cat\/cfasalvadordali\/wp-content\/uploads\/usu363\/2024\/11\/Captura.PNG33.png\"><img loading=\"lazy\" decoding=\"async\" class=\"alignnone wp-image-3382\" src=\"https:\/\/agora.xtec.cat\/cfasalvadordali\/wp-content\/uploads\/usu363\/2024\/11\/Captura.PNG33.png\" alt=\"\" width=\"533\" height=\"465\" srcset=\"https:\/\/agora.xtec.cat\/cfasalvadordali\/wp-content\/uploads\/usu363\/2024\/11\/Captura.PNG33.png 958w, https:\/\/agora.xtec.cat\/cfasalvadordali\/wp-content\/uploads\/usu363\/2024\/11\/Captura.PNG33-300x261.png 300w, https:\/\/agora.xtec.cat\/cfasalvadordali\/wp-content\/uploads\/usu363\/2024\/11\/Captura.PNG33-768x669.png 768w\" sizes=\"auto, (max-width: 533px) 100vw, 533px\" \/><\/a><a href=\"https:\/\/agora.xtec.cat\/cfasalvadordali\/wp-content\/uploads\/usu363\/2024\/11\/Captura.PNG44.png\"><img loading=\"lazy\" decoding=\"async\" class=\"alignnone wp-image-3383\" src=\"https:\/\/agora.xtec.cat\/cfasalvadordali\/wp-content\/uploads\/usu363\/2024\/11\/Captura.PNG44.png\" alt=\"\" width=\"495\" height=\"464\" srcset=\"https:\/\/agora.xtec.cat\/cfasalvadordali\/wp-content\/uploads\/usu363\/2024\/11\/Captura.PNG44.png 879w, https:\/\/agora.xtec.cat\/cfasalvadordali\/wp-content\/uploads\/usu363\/2024\/11\/Captura.PNG44-300x281.png 300w, https:\/\/agora.xtec.cat\/cfasalvadordali\/wp-content\/uploads\/usu363\/2024\/11\/Captura.PNG44-768x720.png 768w\" sizes=\"auto, (max-width: 495px) 100vw, 495px\" \/><\/a><\/p>\n","protected":false},"excerpt":{"rendered":"<p>&#8220;Com ens defineixen els nostres or\u00edgens culturals, ling\u00fc\u00edstics i personals, i com podem aprofitar aquesta diversitat per construir un futur millor?&#8221; Els alumnes de Catal\u00e0 del m\u00f2dul 6 estan duent a terme aquest repte que els convida a pensar sobre la seva pr\u00f2pia identitat i&hellip;  <a href=\"https:\/\/agora.xtec.cat\/cfasalvadordali\/general\/origens\/\" title=\"Read OR\u00cdGENS\">Llegeix m\u00e9s\u00bb<\/a><\/p>\n","protected":false},"author":1,"featured_media":3380,"comment_status":"open","ping_status":"closed","sticky":false,"template":"","format":"standard","meta":{"_bbp_topic_count":0,"_bbp_reply_count":0,"_bbp_total_topic_count":0,"_bbp_total_reply_count":0,"_bbp_voice_count":0,"_bbp_anonymous_reply_count":0,"_bbp_topic_count_hidden":0,"_bbp_reply_count_hidden":0,"_bbp_forum_subforum_count":0,"footnotes":""},"categories":[1,205,29],"tags":[],"class_list":["post-3379","post","type-post","status-publish","format-standard","has-post-thumbnail","hentry","category-general","category-llengues","category-portada"],"post_mailing_queue_ids":[],"_links":{"self":[{"href":"https:\/\/agora.xtec.cat\/cfasalvadordali\/wp-json\/wp\/v2\/posts\/3379","targetHints":{"allow":["GET"]}}],"collection":[{"href":"https:\/\/agora.xtec.cat\/cfasalvadordali\/wp-json\/wp\/v2\/posts"}],"about":[{"href":"https:\/\/agora.xtec.cat\/cfasalvadordali\/wp-json\/wp\/v2\/types\/post"}],"author":[{"embeddable":true,"href":"https:\/\/agora.xtec.cat\/cfasalvadordali\/wp-json\/wp\/v2\/users\/1"}],"replies":[{"embeddable":true,"href":"https:\/\/agora.xtec.cat\/cfasalvadordali\/wp-json\/wp\/v2\/comments?post=3379"}],"version-history":[{"count":1,"href":"https:\/\/agora.xtec.cat\/cfasalvadordali\/wp-json\/wp\/v2\/posts\/3379\/revisions"}],"predecessor-version":[{"id":3384,"href":"https:\/\/agora.xtec.cat\/cfasalvadordali\/wp-json\/wp\/v2\/posts\/3379\/revisions\/3384"}],"wp:featuredmedia":[{"embeddable":true,"href":"https:\/\/agora.xtec.cat\/cfasalvadordali\/wp-json\/wp\/v2\/media\/3380"}],"wp:attachment":[{"href":"https:\/\/agora.xtec.cat\/cfasalvadordali\/wp-json\/wp\/v2\/media?parent=3379"}],"wp:term":[{"taxonomy":"category","embeddable":true,"href":"https:\/\/agora.xtec.cat\/cfasalvadordali\/wp-json\/wp\/v2\/categories?post=3379"},{"taxonomy":"post_tag","embeddable":true,"href":"https:\/\/agora.xtec.cat\/cfasalvadordali\/wp-json\/wp\/v2\/tags?post=3379"}],"curies":[{"name":"wp","href":"https:\/\/api.w.org\/{rel}","templated":true}]}}