{"id":3266,"date":"2024-11-14T22:27:50","date_gmt":"2024-11-14T21:27:50","guid":{"rendered":"https:\/\/agora.xtec.cat\/cfasalvadordali\/?p=3266"},"modified":"2025-02-18T12:38:21","modified_gmt":"2025-02-18T11:38:21","slug":"celebrem-la-castanyada-a-les-aules-de-catala","status":"publish","type":"post","link":"https:\/\/agora.xtec.cat\/cfasalvadordali\/general\/celebrem-la-castanyada-a-les-aules-de-catala\/","title":{"rendered":"CELEBREM LA CASTANYADA  A LES AULES DE CATAL\u00c0"},"content":{"rendered":"<p><iframe loading=\"lazy\" title=\"Castanyada\" src=\"https:\/\/www.youtube.com\/embed\/2IU1E2FuUwc?feature=oembed\" width=\"500\" height=\"281\" frameborder=\"0\" allowfullscreen=\"allowfullscreen\"><\/iframe><\/p>\n<p>Els alumnes de Projectes en Catal\u00e0 ens expliquen qu\u00e8 han fet a les aules per celebrar La Castanyada:<\/p>\n<p>A l\u2019escola Salvador Dal\u00ed, diferents m\u00f2duls residencials que treballem Projectes en Catal\u00e0, hem tingut l\u2019oportunitat de celebrar la Castanyada, una festa tradicional catalana que, per a molts de nosaltres, era desconeguda fins ara. Volem destacar la import\u00e0ncia d\u2019aquesta tradici\u00f3 que, tot i ser diferent per a molts de les nostres festes d\u2019origen, ens ha perm\u00e8s aprendre i comprendre millor la cultura catalana.<\/p>\n<p>Aix\u00ed, a les classes de catal\u00e0 un dia vam fer panellets i un altre dia ens els vam menjar. Abans, per\u00f2, vam treballar-ne la recepta: els ingredients necessaris i com fer-los. Les mestres ens van portar els ingredients i tots junts vam fer panellets de diferents tipus: de coco, de xocolata en pols, d\u2019ametlles i de cagarrines de xocolata. I el millor de tot va ser quan el pr\u00f2xim dia ens els vam menjar juntament amb castanyes, moniatos, mandarines i sucs! Tot era molt bo!<\/p>\n<p>Tota l\u2019experi\u00e8ncia de fer els panellets i la celebraci\u00f3 de la Castanyada ha estat molt bonica. Hem apr\u00e8s moltes coses sobre la tradici\u00f3 i una recepta que ens pot servir per al dia de dem\u00e0. Per\u00f2, sobretot, ens ha agradat molt l\u2019amistat que es va crear en un ambient de celebraci\u00f3, de bona companyia i d\u2019esfor\u00e7 per brindar per la vida i fugir, encara que per una estona, dels mals moments.<\/p>\n<p>Visca la castanyada i nyam nyam bon profit!<\/p>\n","protected":false},"excerpt":{"rendered":"<p>Els alumnes de Projectes en Catal\u00e0 ens expliquen qu\u00e8 han fet a les aules per celebrar La Castanyada:<br \/>\nA l\u2019escola Salvador Dal\u00ed, diferents m\u00f2duls residencials que treballem Projectes en Catal\u00e0, hem tingut l\u2019oportunitat de celebrar la Castanyada, una festa tradicional catalana que, per a molts de&hellip;  <a href=\"https:\/\/agora.xtec.cat\/cfasalvadordali\/general\/celebrem-la-castanyada-a-les-aules-de-catala\/\" title=\"Read CELEBREM LA CASTANYADA  A LES AULES DE CATAL\u00c0\">Llegeix m\u00e9s\u00bb<\/a><\/p>\n","protected":false},"author":1,"featured_media":0,"comment_status":"open","ping_status":"closed","sticky":false,"template":"","format":"standard","meta":{"_bbp_topic_count":0,"_bbp_reply_count":0,"_bbp_total_topic_count":0,"_bbp_total_reply_count":0,"_bbp_voice_count":0,"_bbp_anonymous_reply_count":0,"_bbp_topic_count_hidden":0,"_bbp_reply_count_hidden":0,"_bbp_forum_subforum_count":0,"footnotes":""},"categories":[1,205,29],"tags":[],"class_list":["post-3266","post","type-post","status-publish","format-standard","hentry","category-general","category-llengues","category-portada"],"post_mailing_queue_ids":[],"_links":{"self":[{"href":"https:\/\/agora.xtec.cat\/cfasalvadordali\/wp-json\/wp\/v2\/posts\/3266","targetHints":{"allow":["GET"]}}],"collection":[{"href":"https:\/\/agora.xtec.cat\/cfasalvadordali\/wp-json\/wp\/v2\/posts"}],"about":[{"href":"https:\/\/agora.xtec.cat\/cfasalvadordali\/wp-json\/wp\/v2\/types\/post"}],"author":[{"embeddable":true,"href":"https:\/\/agora.xtec.cat\/cfasalvadordali\/wp-json\/wp\/v2\/users\/1"}],"replies":[{"embeddable":true,"href":"https:\/\/agora.xtec.cat\/cfasalvadordali\/wp-json\/wp\/v2\/comments?post=3266"}],"version-history":[{"count":7,"href":"https:\/\/agora.xtec.cat\/cfasalvadordali\/wp-json\/wp\/v2\/posts\/3266\/revisions"}],"predecessor-version":[{"id":3616,"href":"https:\/\/agora.xtec.cat\/cfasalvadordali\/wp-json\/wp\/v2\/posts\/3266\/revisions\/3616"}],"wp:attachment":[{"href":"https:\/\/agora.xtec.cat\/cfasalvadordali\/wp-json\/wp\/v2\/media?parent=3266"}],"wp:term":[{"taxonomy":"category","embeddable":true,"href":"https:\/\/agora.xtec.cat\/cfasalvadordali\/wp-json\/wp\/v2\/categories?post=3266"},{"taxonomy":"post_tag","embeddable":true,"href":"https:\/\/agora.xtec.cat\/cfasalvadordali\/wp-json\/wp\/v2\/tags?post=3266"}],"curies":[{"name":"wp","href":"https:\/\/api.w.org\/{rel}","templated":true}]}}