{"id":3259,"date":"2024-11-04T08:44:36","date_gmt":"2024-11-04T07:44:36","guid":{"rendered":"https:\/\/agora.xtec.cat\/cfasalvadordali\/?p=3259"},"modified":"2025-02-18T12:37:53","modified_gmt":"2025-02-18T11:37:53","slug":"primera-setmana-de-la-lliga-de-debat","status":"publish","type":"post","link":"https:\/\/agora.xtec.cat\/cfasalvadordali\/portada\/primera-setmana-de-la-lliga-de-debat\/","title":{"rendered":"PRIMERA SETMANA DE LA LLIGA DE DEBAT"},"content":{"rendered":"<p>Aquesta setmana comen\u00e7a a la nostra escola la primera de les quatre setmanes\u00a0 dedicades a\u00a0 la Lliga de Debat, organitzada per l\u2019UPH. Aquesta iniciativa arriba a la seva segona edici\u00f3 i t\u00e9 com a objectiu promoure habilitats d\u2019orat\u00f2ria i d\u2019argumentaci\u00f3 entre els alumnes, qui, juntament amb part del professorat, rebran durant aquests dies formaci\u00f3 especialitzada en t\u00e8cniques de comunicaci\u00f3 i debat.<\/p>\n<p>Durant aquesta edici\u00f3, es formaran sis equips que competiran entre ells per veure quin \u00e9s el millor en defensar diferents postures davant d\u2019un debat, independentment del punt de vista que hagin d\u2019adoptar. Aquesta experi\u00e8ncia no nom\u00e9s refor\u00e7ar\u00e0 la seva capacitat d\u2019expressi\u00f3 oral i cr\u00edtica, sin\u00f3 que tamb\u00e9 els ajudar\u00e0 a millorar la confian\u00e7a en ells mateixos i les seves habilitats de treball en equip.<\/p>\n<p>Amb aquest programa, que continuar\u00e0 en les setmanes vinents, El CFA Salvador Dal\u00ed apostem un cop m\u00e9s per la formaci\u00f3 integral de l\u2019alumnat, fomentant una competici\u00f3 constructiva on l\u2019objectiu principal \u00e9s l\u2019aprenentatge, la superaci\u00f3 personal i el respecte per les idees dels altres.<\/p>\n","protected":false},"excerpt":{"rendered":"<p>Aquesta setmana comen\u00e7a a la nostra escola la primera de les quatre setmanes\u00a0 dedicades a\u00a0 la Lliga de Debat, organitzada per l\u2019UPH. Aquesta iniciativa arriba a la seva segona edici\u00f3 i t\u00e9 com a objectiu promoure habilitats d\u2019orat\u00f2ria i d\u2019argumentaci\u00f3 entre els alumnes, qui, juntament&hellip;  <a href=\"https:\/\/agora.xtec.cat\/cfasalvadordali\/portada\/primera-setmana-de-la-lliga-de-debat\/\" title=\"Read PRIMERA SETMANA DE LA LLIGA DE DEBAT\">Llegeix m\u00e9s\u00bb<\/a><\/p>\n","protected":false},"author":54,"featured_media":2429,"comment_status":"open","ping_status":"closed","sticky":false,"template":"","format":"standard","meta":{"_bbp_topic_count":0,"_bbp_reply_count":0,"_bbp_total_topic_count":0,"_bbp_total_reply_count":0,"_bbp_voice_count":0,"_bbp_anonymous_reply_count":0,"_bbp_topic_count_hidden":0,"_bbp_reply_count_hidden":0,"_bbp_forum_subforum_count":0,"footnotes":""},"categories":[96,208,29],"tags":[83],"class_list":["post-3259","post","type-post","status-publish","format-standard","has-post-thumbnail","hentry","category-activitats-culturals","category-activitats-de-formacio","category-portada","tag-activitats-extraordinaries"],"post_mailing_queue_ids":[],"_links":{"self":[{"href":"https:\/\/agora.xtec.cat\/cfasalvadordali\/wp-json\/wp\/v2\/posts\/3259","targetHints":{"allow":["GET"]}}],"collection":[{"href":"https:\/\/agora.xtec.cat\/cfasalvadordali\/wp-json\/wp\/v2\/posts"}],"about":[{"href":"https:\/\/agora.xtec.cat\/cfasalvadordali\/wp-json\/wp\/v2\/types\/post"}],"author":[{"embeddable":true,"href":"https:\/\/agora.xtec.cat\/cfasalvadordali\/wp-json\/wp\/v2\/users\/54"}],"replies":[{"embeddable":true,"href":"https:\/\/agora.xtec.cat\/cfasalvadordali\/wp-json\/wp\/v2\/comments?post=3259"}],"version-history":[{"count":4,"href":"https:\/\/agora.xtec.cat\/cfasalvadordali\/wp-json\/wp\/v2\/posts\/3259\/revisions"}],"predecessor-version":[{"id":3614,"href":"https:\/\/agora.xtec.cat\/cfasalvadordali\/wp-json\/wp\/v2\/posts\/3259\/revisions\/3614"}],"wp:featuredmedia":[{"embeddable":true,"href":"https:\/\/agora.xtec.cat\/cfasalvadordali\/wp-json\/wp\/v2\/media\/2429"}],"wp:attachment":[{"href":"https:\/\/agora.xtec.cat\/cfasalvadordali\/wp-json\/wp\/v2\/media?parent=3259"}],"wp:term":[{"taxonomy":"category","embeddable":true,"href":"https:\/\/agora.xtec.cat\/cfasalvadordali\/wp-json\/wp\/v2\/categories?post=3259"},{"taxonomy":"post_tag","embeddable":true,"href":"https:\/\/agora.xtec.cat\/cfasalvadordali\/wp-json\/wp\/v2\/tags?post=3259"}],"curies":[{"name":"wp","href":"https:\/\/api.w.org\/{rel}","templated":true}]}}