{"id":3230,"date":"2024-10-10T15:54:47","date_gmt":"2024-10-10T13:54:47","guid":{"rendered":"https:\/\/agora.xtec.cat\/cfasalvadordali\/?p=3230"},"modified":"2025-02-18T12:37:15","modified_gmt":"2025-02-18T11:37:15","slug":"visitem-la-setmana-del-llibre-en-catala","status":"publish","type":"post","link":"https:\/\/agora.xtec.cat\/cfasalvadordali\/portada\/visitem-la-setmana-del-llibre-en-catala\/","title":{"rendered":"VISITEM LA SETMANA DEL LLIBRE EN CATAL\u00c0"},"content":{"rendered":"<div>Recordeu que l&#8217;any passat dos alumnes de la nostra escola, en Carlos i en Rub\u00e9n, van guanyar una Menci\u00f3 Especial al XXIX Concurs\u00a0<i>El Gust per la Lectura<\/i>\u00a0del Departament d&#8217;Educaci\u00f3 pel treball audiovisual\u00a0<a href=\"https:\/\/www.youtube.com\/watch?v=qLhyeCGERpM\" target=\"_blank\" rel=\"noopener\" data-saferedirecturl=\"https:\/\/www.google.com\/url?q=https:\/\/www.youtube.com\/watch?v%3DqLhyeCGERpM&amp;source=gmail&amp;ust=1728651002532000&amp;usg=AOvVaw2upU5jrrUYGikqHJGs6ZfN\">Davant del mirall<\/a>?<\/div>\n<div><\/div>\n<div>Us en fem mem\u00f2ria. El treball, en forma de curtmetratge, relacionava l&#8217;obra liter\u00e0ria\u00a0<i>Les lleialtats<\/i>, de l&#8217;escriptora francesa Delphine de Vigan, amb la hist\u00f2ria personal d&#8217;un dels alumnes, en Carlos. Aix\u00ed doncs, l&#8217;audiovisual es vinculava de forma natural amb lo \u00edntim i personal, amb el seu testimoni vivencial, funcionant com un mirall: se succe\u00efen cites textuals del llibre amb els relats personals.<\/div>\n<div><\/div>\n<div>Tornem al present! Resulta que la setmana passada un exalumne de l&#8217;escola, en Carlos, va assistir a la Setmana del Llibre en Catal\u00e0, al Passeig Llu\u00eds Companys, acompanyat del seu docent de GESO 2, en David, per a gastar el premi que havien guanyat: 150 euros en llibres per a l&#8217;escola i 70 per a cadascun dels alumnes.<\/div>\n<div><\/div>\n<div>La sortida va ser molt bonica: est\u00e0vem envoltats de llibres!<\/div>\n<div><\/div>\n<div>Us deixem un vers d&#8217;en Gorka Urbizu, perqu\u00e8 tamb\u00e9 us rodejeu de literatura:<\/div>\n<div><\/div>\n<div>&#8220;Gauzak ez dira horrela \/ gauzak horrelaxe daude \/ eta ez da gauza bera \/ nire adiskide.&#8221;<\/div>\n<div><\/div>\n<div>&#8220;Les coses no s\u00f3n aix\u00ed \/ les coses estan aix\u00ed \/ i aix\u00f2 no \u00e9s el mateix \/ amic meu.&#8221;<\/div>\n<div>\n<p><iframe loading=\"lazy\" title=\"Davant del mirall - Paraules des del CP de Quatre Camins\" width=\"500\" height=\"281\" src=\"https:\/\/www.youtube.com\/embed\/qLhyeCGERpM?feature=oembed\" frameborder=\"0\" allow=\"accelerometer; autoplay; clipboard-write; encrypted-media; gyroscope; picture-in-picture; web-share\" referrerpolicy=\"strict-origin-when-cross-origin\" allowfullscreen><\/iframe><\/p>\n<\/div>\n","protected":false},"excerpt":{"rendered":"<p>Recordeu que l&#8217;any passat dos alumnes de la nostra escola, en Carlos i en Rub\u00e9n, van guanyar una Menci\u00f3 Especial al XXIX Concurs\u00a0El Gust per la Lectura\u00a0del Departament d&#8217;Educaci\u00f3 pel treball audiovisual\u00a0<a href=\"https:\/\/www.youtube.com\/watch?v=qLhyeCGERpM\" target=\"_blank\" rel=\"noopener\" data-saferedirecturl=\"https:\/\/www.google.com\/url?q=https:\/\/www.youtube.com\/watch?v%3DqLhyeCGERpM&amp;source=gmail&amp;ust=1728651002532000&amp;usg=AOvVaw2upU5jrrUYGikqHJGs6ZfN\">Davant del mirall<\/a>?<\/p>\n<p>Us en fem mem\u00f2ria. El treball, en forma&hellip;  <a href=\"https:\/\/agora.xtec.cat\/cfasalvadordali\/portada\/visitem-la-setmana-del-llibre-en-catala\/\" title=\"Read VISITEM LA SETMANA DEL LLIBRE EN CATAL\u00c0\">Llegeix m\u00e9s\u00bb<\/a><\/p>\n","protected":false},"author":54,"featured_media":3175,"comment_status":"open","ping_status":"closed","sticky":false,"template":"","format":"standard","meta":{"_bbp_topic_count":0,"_bbp_reply_count":0,"_bbp_total_topic_count":0,"_bbp_total_reply_count":0,"_bbp_voice_count":0,"_bbp_anonymous_reply_count":0,"_bbp_topic_count_hidden":0,"_bbp_reply_count_hidden":0,"_bbp_forum_subforum_count":0,"footnotes":""},"categories":[29],"tags":[],"class_list":["post-3230","post","type-post","status-publish","format-standard","has-post-thumbnail","hentry","category-portada"],"post_mailing_queue_ids":[],"_links":{"self":[{"href":"https:\/\/agora.xtec.cat\/cfasalvadordali\/wp-json\/wp\/v2\/posts\/3230","targetHints":{"allow":["GET"]}}],"collection":[{"href":"https:\/\/agora.xtec.cat\/cfasalvadordali\/wp-json\/wp\/v2\/posts"}],"about":[{"href":"https:\/\/agora.xtec.cat\/cfasalvadordali\/wp-json\/wp\/v2\/types\/post"}],"author":[{"embeddable":true,"href":"https:\/\/agora.xtec.cat\/cfasalvadordali\/wp-json\/wp\/v2\/users\/54"}],"replies":[{"embeddable":true,"href":"https:\/\/agora.xtec.cat\/cfasalvadordali\/wp-json\/wp\/v2\/comments?post=3230"}],"version-history":[{"count":4,"href":"https:\/\/agora.xtec.cat\/cfasalvadordali\/wp-json\/wp\/v2\/posts\/3230\/revisions"}],"predecessor-version":[{"id":3611,"href":"https:\/\/agora.xtec.cat\/cfasalvadordali\/wp-json\/wp\/v2\/posts\/3230\/revisions\/3611"}],"wp:featuredmedia":[{"embeddable":true,"href":"https:\/\/agora.xtec.cat\/cfasalvadordali\/wp-json\/wp\/v2\/media\/3175"}],"wp:attachment":[{"href":"https:\/\/agora.xtec.cat\/cfasalvadordali\/wp-json\/wp\/v2\/media?parent=3230"}],"wp:term":[{"taxonomy":"category","embeddable":true,"href":"https:\/\/agora.xtec.cat\/cfasalvadordali\/wp-json\/wp\/v2\/categories?post=3230"},{"taxonomy":"post_tag","embeddable":true,"href":"https:\/\/agora.xtec.cat\/cfasalvadordali\/wp-json\/wp\/v2\/tags?post=3230"}],"curies":[{"name":"wp","href":"https:\/\/api.w.org\/{rel}","templated":true}]}}