{"id":3225,"date":"2024-10-06T19:25:39","date_gmt":"2024-10-06T17:25:39","guid":{"rendered":"https:\/\/agora.xtec.cat\/cfasalvadordali\/?p=3225"},"modified":"2025-02-18T12:37:00","modified_gmt":"2025-02-18T11:37:00","slug":"dispositius-positius","status":"publish","type":"post","link":"https:\/\/agora.xtec.cat\/cfasalvadordali\/general\/dispositius-positius\/","title":{"rendered":"DISPOSITIUS POSITIUS"},"content":{"rendered":"<p>Els alumnes del CFA salvador Dal\u00ed poden disposar d&#8217;ordinadors en pr\u00e9stec per motius formatius. Voleu saber quin \u00e9s l&#8217;impacte d&#8217;aquests pr\u00e9stecs gestionats per l&#8217;Associaci\u00f3 social Andr\u00f2mines per als nostres alumnes? Feu un cop d&#8217;ull al video!<\/p>\n<p><iframe loading=\"lazy\" title=\"DISPOSITIUS POSITIUS\" width=\"500\" height=\"281\" src=\"https:\/\/www.youtube.com\/embed\/LYSMbI6-geE?feature=oembed\" frameborder=\"0\" allow=\"accelerometer; autoplay; clipboard-write; encrypted-media; gyroscope; picture-in-picture; web-share\" referrerpolicy=\"strict-origin-when-cross-origin\" allowfullscreen><\/iframe><\/p>\n","protected":false},"excerpt":{"rendered":"<p>Els alumnes del CFA salvador Dal\u00ed poden disposar d&#8217;ordinadors en pr\u00e9stec per motius formatius. Voleu saber quin \u00e9s l&#8217;impacte d&#8217;aquests pr\u00e9stecs gestionats per l&#8217;Associaci\u00f3 social Andr\u00f2mines per als nostres alumnes? Feu un cop d&#8217;ull al video!<\/p>\n","protected":false},"author":54,"featured_media":3227,"comment_status":"open","ping_status":"closed","sticky":false,"template":"","format":"standard","meta":{"_bbp_topic_count":0,"_bbp_reply_count":0,"_bbp_total_topic_count":0,"_bbp_total_reply_count":0,"_bbp_voice_count":0,"_bbp_anonymous_reply_count":0,"_bbp_topic_count_hidden":0,"_bbp_reply_count_hidden":0,"_bbp_forum_subforum_count":0,"footnotes":""},"categories":[96,208,1,29],"tags":[],"class_list":["post-3225","post","type-post","status-publish","format-standard","has-post-thumbnail","hentry","category-activitats-culturals","category-activitats-de-formacio","category-general","category-portada"],"post_mailing_queue_ids":[],"_links":{"self":[{"href":"https:\/\/agora.xtec.cat\/cfasalvadordali\/wp-json\/wp\/v2\/posts\/3225","targetHints":{"allow":["GET"]}}],"collection":[{"href":"https:\/\/agora.xtec.cat\/cfasalvadordali\/wp-json\/wp\/v2\/posts"}],"about":[{"href":"https:\/\/agora.xtec.cat\/cfasalvadordali\/wp-json\/wp\/v2\/types\/post"}],"author":[{"embeddable":true,"href":"https:\/\/agora.xtec.cat\/cfasalvadordali\/wp-json\/wp\/v2\/users\/54"}],"replies":[{"embeddable":true,"href":"https:\/\/agora.xtec.cat\/cfasalvadordali\/wp-json\/wp\/v2\/comments?post=3225"}],"version-history":[{"count":5,"href":"https:\/\/agora.xtec.cat\/cfasalvadordali\/wp-json\/wp\/v2\/posts\/3225\/revisions"}],"predecessor-version":[{"id":3610,"href":"https:\/\/agora.xtec.cat\/cfasalvadordali\/wp-json\/wp\/v2\/posts\/3225\/revisions\/3610"}],"wp:featuredmedia":[{"embeddable":true,"href":"https:\/\/agora.xtec.cat\/cfasalvadordali\/wp-json\/wp\/v2\/media\/3227"}],"wp:attachment":[{"href":"https:\/\/agora.xtec.cat\/cfasalvadordali\/wp-json\/wp\/v2\/media?parent=3225"}],"wp:term":[{"taxonomy":"category","embeddable":true,"href":"https:\/\/agora.xtec.cat\/cfasalvadordali\/wp-json\/wp\/v2\/categories?post=3225"},{"taxonomy":"post_tag","embeddable":true,"href":"https:\/\/agora.xtec.cat\/cfasalvadordali\/wp-json\/wp\/v2\/tags?post=3225"}],"curies":[{"name":"wp","href":"https:\/\/api.w.org\/{rel}","templated":true}]}}