{"id":3190,"date":"2024-06-20T11:34:46","date_gmt":"2024-06-20T09:34:46","guid":{"rendered":"https:\/\/agora.xtec.cat\/cfasalvadordali\/?p=3190"},"modified":"2025-02-18T12:36:20","modified_gmt":"2025-02-18T11:36:20","slug":"derechos-reproductivos-y-anticoncepcion","status":"publish","type":"post","link":"https:\/\/agora.xtec.cat\/cfasalvadordali\/general\/derechos-reproductivos-y-anticoncepcion\/","title":{"rendered":"DERECHOS REPRODUCTIVOS Y ANTICONCEPCI\u00d3N"},"content":{"rendered":"<figure class=\"figure wp-caption alignleft\"><a href=\"https:\/\/agora.xtec.cat\/cfasalvadordali\/wp-content\/uploads\/usu363\/2022\/12\/TINA.jpg\"><img loading=\"lazy\" decoding=\"async\" class=\"wp-image-1837 size-full\" src=\"https:\/\/agora.xtec.cat\/cfasalvadordali\/wp-content\/uploads\/usu363\/2022\/12\/TINA.jpg\" alt=\"\" width=\"250\" height=\"250\" srcset=\"https:\/\/agora.xtec.cat\/cfasalvadordali\/wp-content\/uploads\/usu363\/2022\/12\/TINA.jpg 250w, https:\/\/agora.xtec.cat\/cfasalvadordali\/wp-content\/uploads\/usu363\/2022\/12\/TINA-150x150.jpg 150w\" sizes=\"auto, (max-width: 250px) 100vw, 250px\" \/><\/a><figcaption class=\"wp-caption-text\">Coordinadora del Consorcio Europeo para la Anticoncepci\u00f3n de Emergencia y consultora RHR \u00b7 Consultora Independiente en Salud y Derechos Reproductivos<\/figcaption><\/figure>\n<p>El pasado d\u00eda 05\/06\/24 acudimos desde la escuela Salvador Dal\u00ed de Cuatro Caminos a<br \/>\nuna charla impartida por Cristina Puig, sobre derechos reproductivos y anticoncepci\u00f3n.<br \/>\nTina nos explic\u00f3 que hab\u00eda trabajado para Naciones Unidas (ONU) en proyectos para<br \/>\navanzar en derechos reproductivos a nivel internacional y ahora, en el impulso de las<br \/>\npol\u00edticas de acceso a la anticoncepci\u00f3n de urgencia.<br \/>\nUna de las cosas que nos explic\u00f3 y m\u00e1s me sorprendi\u00f3 fue que en \u00c1frica, a\u00fan con las<br \/>\ncarencias que tiene a pesar de ser un continente rico en materias primas, era que en<br \/>\n2035 pueden llegar a ser 2.000 millones persones al tener 9 hijos por familia de media.<br \/>\nEl pa\u00eds carece de control de natalidad ni pol\u00edtica educativa de reproducci\u00f3n y<br \/>\nanticoncepci\u00f3n y, a pesar de ser muy f\u00e9rtiles, la tasa de mortalidad infantil es muy alta<br \/>\ny las tasas de enfermedades de transmisi\u00f3n sexual, incluida el sida, son elevadas.<br \/>\nTina nos explic\u00f3 tambi\u00e9n, que uno de los prop\u00f3sitos de la ONU, es que toda la tierra<br \/>\nviva en paz (acuerdo de 1994) donde la gran mayor\u00eda de pa\u00edses del mundo llegaron a<br \/>\nun acuerdo de sostenibilidad de derechos humanos. Situaci\u00f3n que no se respeta por<br \/>\nlos diferentes conflictos que se est\u00e1n dando como Gaza y Ucrania, por ejemplo, donde<br \/>\nno se respetan los derechos humanos y mueren ni\u00f1os\/as peque\u00f1os\/as y que son<br \/>\najenos al conflicto.<br \/>\nVolviendo a lo anterior, la ONU, considera que \u215b de la poblaci\u00f3n de la tierra est\u00e1 mal<br \/>\nnutrida habiendo 2 millones de la poblaci\u00f3n actual que se alimentan de insectos ante<br \/>\nun crecimiento exponencial de la poblaci\u00f3n lo que podr\u00e1 implicar m\u00e1s carencias y<br \/>\nhambruna, dada la sequ\u00eda y el cambio clim\u00e1tico.<br \/>\nChina, que hasta hace bien poco era la mayor poblaci\u00f3n de la tierra, se ha visto<br \/>\nsuperada por la India en parte por la pol\u00edtica del hijo \u00fanico d\u00e1ndose la circunstancia<br \/>\nque, al ser posibles hijas, suelen abortar para que el patrimonio quede en la familia y,<br \/>\naunque en la India pasa algo similar, es ahora el pa\u00eds con mayor \u00edndice de natalidad.<br \/>\nLo que me pareci\u00f3 una aberraci\u00f3n es que en Per\u00fa se realizaran esterilizaciones<br \/>\nforzadas a las mujeres ind\u00edgenas y de clase baja o pobres ya que se consideraba el<br \/>\nproblema y la soluci\u00f3n menoscabar la reproducci\u00f3n libre de las mujeres. Actualmente<br \/>\nel apoderamiento de las personas a decidir sobre sus vidas reproductivas ha dado un<br \/>\ngiro a los acontecimientos no siendo menoscabados los derechos reproductivos de<br \/>\nellas mismas.<br \/>\nFinalmente, una cosa que me llam\u00f3 mucho la atenci\u00f3n y, nunca lo habr\u00eda dicho, fue<br \/>\nque un pa\u00eds como Estonia fuese el m\u00e1s avanzado en educaci\u00f3n sexual y, como<br \/>\ncuriosidad sin quitarle importancia, que en Catalu\u00f1a es gratuito el poder abortar desde<br \/>\n2009-2010. Pero la cultura en Espa\u00f1a, mayoritariamente cat\u00f3lica, impide que en las<br \/>\nescuelas se hable de sexualidad abiertamente por lo que los menores recurren a<br \/>\nvideos pornogr\u00e1ficos y eso les hace tener una percepci\u00f3n muy err\u00f3nea de lo que es<br \/>\nuna sexualidad sana lo cual nos conduce a pensar que a\u00fan sigue siendo muy necesario<br \/>\nseguir trabajando en derechos reproductivos y anticoncepci\u00f3n.<\/p>\n<p><a href=\"https:\/\/agora.xtec.cat\/cfasalvadordali\/wp-content\/uploads\/usu363\/2024\/06\/WhatsApp-Image-2024-06-20-at-11.27.01.jpeg\"><img loading=\"lazy\" decoding=\"async\" class=\"aligncenter wp-image-3188 size-large\" src=\"https:\/\/agora.xtec.cat\/cfasalvadordali\/wp-content\/uploads\/usu363\/2024\/06\/WhatsApp-Image-2024-06-20-at-11.27.01-1024x768.jpeg\" alt=\"\" width=\"1024\" height=\"768\" srcset=\"https:\/\/agora.xtec.cat\/cfasalvadordali\/wp-content\/uploads\/usu363\/2024\/06\/WhatsApp-Image-2024-06-20-at-11.27.01-1024x768.jpeg 1024w, https:\/\/agora.xtec.cat\/cfasalvadordali\/wp-content\/uploads\/usu363\/2024\/06\/WhatsApp-Image-2024-06-20-at-11.27.01-300x225.jpeg 300w, https:\/\/agora.xtec.cat\/cfasalvadordali\/wp-content\/uploads\/usu363\/2024\/06\/WhatsApp-Image-2024-06-20-at-11.27.01-768x576.jpeg 768w, https:\/\/agora.xtec.cat\/cfasalvadordali\/wp-content\/uploads\/usu363\/2024\/06\/WhatsApp-Image-2024-06-20-at-11.27.01-1536x1152.jpeg 1536w, https:\/\/agora.xtec.cat\/cfasalvadordali\/wp-content\/uploads\/usu363\/2024\/06\/WhatsApp-Image-2024-06-20-at-11.27.01-200x150.jpeg 200w, https:\/\/agora.xtec.cat\/cfasalvadordali\/wp-content\/uploads\/usu363\/2024\/06\/WhatsApp-Image-2024-06-20-at-11.27.01.jpeg 1600w\" sizes=\"auto, (max-width: 1024px) 100vw, 1024px\" \/><\/a><\/p>\n","protected":false},"excerpt":{"rendered":"<p><a href=\"https:\/\/agora.xtec.cat\/cfasalvadordali\/wp-content\/uploads\/usu363\/2022\/12\/TINA.jpg\"><\/a>Coordinadora del Consorcio Europeo para la Anticoncepci\u00f3n de Emergencia y consultora RHR \u00b7 Consultora Independiente en Salud y Derechos Reproductivos<br \/>\nEl pasado d\u00eda 05\/06\/24 acudimos desde la escuela Salvador Dal\u00ed de Cuatro Caminos a<br \/>\nuna charla impartida por Cristina Puig, sobre derechos reproductivos y anticoncepci\u00f3n.<br \/>\nTina nos&hellip;  <a href=\"https:\/\/agora.xtec.cat\/cfasalvadordali\/general\/derechos-reproductivos-y-anticoncepcion\/\" title=\"Read DERECHOS REPRODUCTIVOS Y ANTICONCEPCI\u00d3N\">Llegeix m\u00e9s\u00bb<\/a><\/p>\n","protected":false},"author":54,"featured_media":3188,"comment_status":"open","ping_status":"closed","sticky":false,"template":"","format":"standard","meta":{"_bbp_topic_count":0,"_bbp_reply_count":0,"_bbp_total_topic_count":0,"_bbp_total_reply_count":0,"_bbp_voice_count":0,"_bbp_anonymous_reply_count":0,"_bbp_topic_count_hidden":0,"_bbp_reply_count_hidden":0,"_bbp_forum_subforum_count":0,"footnotes":""},"categories":[1],"tags":[],"class_list":["post-3190","post","type-post","status-publish","format-standard","has-post-thumbnail","hentry","category-general"],"post_mailing_queue_ids":[],"_links":{"self":[{"href":"https:\/\/agora.xtec.cat\/cfasalvadordali\/wp-json\/wp\/v2\/posts\/3190","targetHints":{"allow":["GET"]}}],"collection":[{"href":"https:\/\/agora.xtec.cat\/cfasalvadordali\/wp-json\/wp\/v2\/posts"}],"about":[{"href":"https:\/\/agora.xtec.cat\/cfasalvadordali\/wp-json\/wp\/v2\/types\/post"}],"author":[{"embeddable":true,"href":"https:\/\/agora.xtec.cat\/cfasalvadordali\/wp-json\/wp\/v2\/users\/54"}],"replies":[{"embeddable":true,"href":"https:\/\/agora.xtec.cat\/cfasalvadordali\/wp-json\/wp\/v2\/comments?post=3190"}],"version-history":[{"count":6,"href":"https:\/\/agora.xtec.cat\/cfasalvadordali\/wp-json\/wp\/v2\/posts\/3190\/revisions"}],"predecessor-version":[{"id":3606,"href":"https:\/\/agora.xtec.cat\/cfasalvadordali\/wp-json\/wp\/v2\/posts\/3190\/revisions\/3606"}],"wp:featuredmedia":[{"embeddable":true,"href":"https:\/\/agora.xtec.cat\/cfasalvadordali\/wp-json\/wp\/v2\/media\/3188"}],"wp:attachment":[{"href":"https:\/\/agora.xtec.cat\/cfasalvadordali\/wp-json\/wp\/v2\/media?parent=3190"}],"wp:term":[{"taxonomy":"category","embeddable":true,"href":"https:\/\/agora.xtec.cat\/cfasalvadordali\/wp-json\/wp\/v2\/categories?post=3190"},{"taxonomy":"post_tag","embeddable":true,"href":"https:\/\/agora.xtec.cat\/cfasalvadordali\/wp-json\/wp\/v2\/tags?post=3190"}],"curies":[{"name":"wp","href":"https:\/\/api.w.org\/{rel}","templated":true}]}}