{"id":3132,"date":"2024-06-11T17:26:46","date_gmt":"2024-06-11T15:26:46","guid":{"rendered":"https:\/\/agora.xtec.cat\/cfasalvadordali\/?p=3132"},"modified":"2025-02-18T12:35:09","modified_gmt":"2025-02-18T11:35:09","slug":"la-traicio","status":"publish","type":"post","link":"https:\/\/agora.xtec.cat\/cfasalvadordali\/general\/la-traicio\/","title":{"rendered":"LA TRA\u00cfCI\u00d3"},"content":{"rendered":"<p>La <span class=\"il\">tra\u00efci\u00f3<\/span> \u00e9s un tema universal que afecta les relacions humanes a tots els nivells, i \u00e9s<b> <\/b>especialment rellevant en el context penitenciari. Dedicar una classe a la <span class=\"il\">tra\u00efci\u00f3<\/span> permet als nostres estudiants reflexionar sobre les seves pr\u00f2pies experi\u00e8ncies, comprendre les motivacions i conseq\u00fc\u00e8ncies d&#8217;aquests actes i fomentar valors de lleialtat i honestedat. A m\u00e9s, estudiar casos hist\u00f2rics i contemporanis de <span class=\"il\">tra\u00efci\u00f3<\/span> ajuda a desenvolupar habilitats cr\u00edtiques i anal\u00edtiques, proporcionant una comprensi\u00f3 m\u00e9s profunda de la hist\u00f2ria i la cultura.<\/p>\n<p>Durant aquesta lli\u00e7\u00f3, hem definit la <span class=\"il\">tra\u00efci\u00f3<\/span> i les seves formes, discutit les seves causes i motivacions, i analitzat exemples significatius com la <span class=\"il\">tra\u00efci\u00f3<\/span> de Judas Iscariot i l&#8217;esc\u00e0ndol de Watergate. Els estudiants han participat en debats guiats sobre les implicacions de la <span class=\"il\">tra\u00efci\u00f3<\/span> i han reflexionat sobre com aquests actes poden afectar les relacions. Tamb\u00e9 hem explorat solucions per gestionar la <span class=\"il\">tra\u00efci\u00f3<\/span>, com la comunicaci\u00f3 oberta i la rendici\u00f3 de comptes, amb l&#8217;objectiu de fomentar un entorn de confian\u00e7a i lleialtat.<\/p>\n<p>Treball d&#8217;aula:<\/p>\n<p><a href=\"https:\/\/agora.xtec.cat\/cfasalvadordali\/wp-content\/uploads\/usu363\/2024\/06\/La-traicio.pdf\">La tra\u00efci\u00f3<\/a><\/p>\n","protected":false},"excerpt":{"rendered":"<p>La tra\u00efci\u00f3 \u00e9s un tema universal que afecta les relacions humanes a tots els nivells, i \u00e9s especialment rellevant en el context penitenciari. Dedicar una classe a la tra\u00efci\u00f3 permet als nostres estudiants reflexionar sobre les seves pr\u00f2pies experi\u00e8ncies, comprendre les motivacions i conseq\u00fc\u00e8ncies d&#8217;aquests&hellip;  <a href=\"https:\/\/agora.xtec.cat\/cfasalvadordali\/general\/la-traicio\/\" title=\"Read LA TRA\u00cfCI\u00d3\">Llegeix m\u00e9s\u00bb<\/a><\/p>\n","protected":false},"author":54,"featured_media":3135,"comment_status":"open","ping_status":"closed","sticky":false,"template":"","format":"standard","meta":{"_bbp_topic_count":0,"_bbp_reply_count":0,"_bbp_total_topic_count":0,"_bbp_total_reply_count":0,"_bbp_voice_count":0,"_bbp_anonymous_reply_count":0,"_bbp_topic_count_hidden":0,"_bbp_reply_count_hidden":0,"_bbp_forum_subforum_count":0,"footnotes":""},"categories":[1,85,29],"tags":[],"class_list":["post-3132","post","type-post","status-publish","format-standard","has-post-thumbnail","hentry","category-general","category-geso","category-portada"],"post_mailing_queue_ids":[],"_links":{"self":[{"href":"https:\/\/agora.xtec.cat\/cfasalvadordali\/wp-json\/wp\/v2\/posts\/3132","targetHints":{"allow":["GET"]}}],"collection":[{"href":"https:\/\/agora.xtec.cat\/cfasalvadordali\/wp-json\/wp\/v2\/posts"}],"about":[{"href":"https:\/\/agora.xtec.cat\/cfasalvadordali\/wp-json\/wp\/v2\/types\/post"}],"author":[{"embeddable":true,"href":"https:\/\/agora.xtec.cat\/cfasalvadordali\/wp-json\/wp\/v2\/users\/54"}],"replies":[{"embeddable":true,"href":"https:\/\/agora.xtec.cat\/cfasalvadordali\/wp-json\/wp\/v2\/comments?post=3132"}],"version-history":[{"count":4,"href":"https:\/\/agora.xtec.cat\/cfasalvadordali\/wp-json\/wp\/v2\/posts\/3132\/revisions"}],"predecessor-version":[{"id":3600,"href":"https:\/\/agora.xtec.cat\/cfasalvadordali\/wp-json\/wp\/v2\/posts\/3132\/revisions\/3600"}],"wp:featuredmedia":[{"embeddable":true,"href":"https:\/\/agora.xtec.cat\/cfasalvadordali\/wp-json\/wp\/v2\/media\/3135"}],"wp:attachment":[{"href":"https:\/\/agora.xtec.cat\/cfasalvadordali\/wp-json\/wp\/v2\/media?parent=3132"}],"wp:term":[{"taxonomy":"category","embeddable":true,"href":"https:\/\/agora.xtec.cat\/cfasalvadordali\/wp-json\/wp\/v2\/categories?post=3132"},{"taxonomy":"post_tag","embeddable":true,"href":"https:\/\/agora.xtec.cat\/cfasalvadordali\/wp-json\/wp\/v2\/tags?post=3132"}],"curies":[{"name":"wp","href":"https:\/\/api.w.org\/{rel}","templated":true}]}}