{"id":3115,"date":"2024-06-05T12:10:51","date_gmt":"2024-06-05T10:10:51","guid":{"rendered":"https:\/\/agora.xtec.cat\/cfasalvadordali\/?p=3115"},"modified":"2025-02-18T12:34:31","modified_gmt":"2025-02-18T11:34:31","slug":"treballem-la-convivencia-al-msob","status":"publish","type":"post","link":"https:\/\/agora.xtec.cat\/cfasalvadordali\/portada\/treballem-la-convivencia-al-msob\/","title":{"rendered":"TREBALLEM LA CONVIV\u00c8NCIA AL MSOB"},"content":{"rendered":"<p>Els Alumnes de Castell\u00e0 i Competic Inicial hem fet una tasca transversal tot parlant de la conviv\u00e8ncia entres persones, siguin de la proced\u00e8ncia, cultura, ra\u00e7a o religi\u00f3 que siguin. Aquest \u00e9s un dels treballs resultants i que podria definir la conclusi\u00f3 dels debats a Castell\u00e0 i la feina aplicada a Competic Inicial. <a href=\"https:\/\/agora.xtec.cat\/cfasalvadordali\/wp-content\/uploads\/usu363\/2024\/06\/0-es-0.jpg\"><img loading=\"lazy\" decoding=\"async\" class=\"alignnone size-large wp-image-3116\" src=\"https:\/\/agora.xtec.cat\/cfasalvadordali\/wp-content\/uploads\/usu363\/2024\/06\/0-es-0-725x1024.jpg\" alt=\"\" width=\"725\" height=\"1024\" srcset=\"https:\/\/agora.xtec.cat\/cfasalvadordali\/wp-content\/uploads\/usu363\/2024\/06\/0-es-0-725x1024.jpg 725w, https:\/\/agora.xtec.cat\/cfasalvadordali\/wp-content\/uploads\/usu363\/2024\/06\/0-es-0-212x300.jpg 212w, https:\/\/agora.xtec.cat\/cfasalvadordali\/wp-content\/uploads\/usu363\/2024\/06\/0-es-0-768x1085.jpg 768w, https:\/\/agora.xtec.cat\/cfasalvadordali\/wp-content\/uploads\/usu363\/2024\/06\/0-es-0-1087x1536.jpg 1087w, https:\/\/agora.xtec.cat\/cfasalvadordali\/wp-content\/uploads\/usu363\/2024\/06\/0-es-0-1449x2048.jpg 1449w, https:\/\/agora.xtec.cat\/cfasalvadordali\/wp-content\/uploads\/usu363\/2024\/06\/0-es-0.jpg 1653w\" sizes=\"auto, (max-width: 725px) 100vw, 725px\" \/><\/a><\/p>\n","protected":false},"excerpt":{"rendered":"<p>Els Alumnes de Castell\u00e0 i Competic Inicial hem fet una tasca transversal tot parlant de la conviv\u00e8ncia entres persones, siguin de la proced\u00e8ncia, cultura, ra\u00e7a o religi\u00f3 que siguin. Aquest \u00e9s un dels treballs resultants i que podria definir la conclusi\u00f3 dels debats a Castell\u00e0&hellip;  <a href=\"https:\/\/agora.xtec.cat\/cfasalvadordali\/portada\/treballem-la-convivencia-al-msob\/\" title=\"Read TREBALLEM LA CONVIV\u00c8NCIA AL MSOB\">Llegeix m\u00e9s\u00bb<\/a><\/p>\n","protected":false},"author":1,"featured_media":3116,"comment_status":"open","ping_status":"closed","sticky":false,"template":"","format":"standard","meta":{"_bbp_topic_count":0,"_bbp_reply_count":0,"_bbp_total_topic_count":0,"_bbp_total_reply_count":0,"_bbp_voice_count":0,"_bbp_anonymous_reply_count":0,"_bbp_topic_count_hidden":0,"_bbp_reply_count_hidden":0,"_bbp_forum_subforum_count":0,"footnotes":""},"categories":[88,91,205,29],"tags":[],"class_list":["post-3115","post","type-post","status-publish","format-standard","has-post-thumbnail","hentry","category-competic","category-competic-inicial","category-llengues","category-portada"],"post_mailing_queue_ids":[],"_links":{"self":[{"href":"https:\/\/agora.xtec.cat\/cfasalvadordali\/wp-json\/wp\/v2\/posts\/3115","targetHints":{"allow":["GET"]}}],"collection":[{"href":"https:\/\/agora.xtec.cat\/cfasalvadordali\/wp-json\/wp\/v2\/posts"}],"about":[{"href":"https:\/\/agora.xtec.cat\/cfasalvadordali\/wp-json\/wp\/v2\/types\/post"}],"author":[{"embeddable":true,"href":"https:\/\/agora.xtec.cat\/cfasalvadordali\/wp-json\/wp\/v2\/users\/1"}],"replies":[{"embeddable":true,"href":"https:\/\/agora.xtec.cat\/cfasalvadordali\/wp-json\/wp\/v2\/comments?post=3115"}],"version-history":[{"count":6,"href":"https:\/\/agora.xtec.cat\/cfasalvadordali\/wp-json\/wp\/v2\/posts\/3115\/revisions"}],"predecessor-version":[{"id":3597,"href":"https:\/\/agora.xtec.cat\/cfasalvadordali\/wp-json\/wp\/v2\/posts\/3115\/revisions\/3597"}],"wp:featuredmedia":[{"embeddable":true,"href":"https:\/\/agora.xtec.cat\/cfasalvadordali\/wp-json\/wp\/v2\/media\/3116"}],"wp:attachment":[{"href":"https:\/\/agora.xtec.cat\/cfasalvadordali\/wp-json\/wp\/v2\/media?parent=3115"}],"wp:term":[{"taxonomy":"category","embeddable":true,"href":"https:\/\/agora.xtec.cat\/cfasalvadordali\/wp-json\/wp\/v2\/categories?post=3115"},{"taxonomy":"post_tag","embeddable":true,"href":"https:\/\/agora.xtec.cat\/cfasalvadordali\/wp-json\/wp\/v2\/tags?post=3115"}],"curies":[{"name":"wp","href":"https:\/\/api.w.org\/{rel}","templated":true}]}}