{"id":3075,"date":"2024-05-29T12:27:56","date_gmt":"2024-05-29T10:27:56","guid":{"rendered":"https:\/\/agora.xtec.cat\/cfasalvadordali\/?p=3075"},"modified":"2025-02-18T12:33:45","modified_gmt":"2025-02-18T11:33:45","slug":"la-cuina-tradicional-als-ensenyaments-de-llengues","status":"publish","type":"post","link":"https:\/\/agora.xtec.cat\/cfasalvadordali\/portada\/la-cuina-tradicional-als-ensenyaments-de-llengues\/","title":{"rendered":"LA CUINA TRADICIONAL ALS ENSENYAMENTS DE LLENG\u00dcES"},"content":{"rendered":"<p>L&#8217;equip de llengua catalana ha dissenyat una situaci\u00f3 d&#8217;aprenentatge basada en la gastronomia catalana. L&#8217;objectiu \u00e9s refor\u00e7ar la import\u00e0ncia de la cuina tradicional catalana com a part de la cultura i la identitat del territori. Hem treballat diverses receptes i hem elaborat un mural que hem penjat a l&#8217;espai de l&#8217;\u00e0rea destinat a l&#8217;equip de lleng\u00fces.<\/p>\n<div class=\"slideshow_container slideshow_container_style-light\" style=\"height: 300px; \" data-slideshow-id=\"3078\" data-style-name=\"style-light\" data-style-version=\"2.3.1\" >\n<div class=\"slideshow_loading_icon\"><\/div>\n<div class=\"slideshow_content\" style=\"display: none;\">\n<div class=\"slideshow_view\">\n<div class=\"slideshow_slide slideshow_slide_image\">\n\t\t\t\t\t\t\t\t\t\t\t<img loading=\"lazy\" decoding=\"async\" src=\"https:\/\/agora.xtec.cat\/cfasalvadordali\/wp-content\/uploads\/usu363\/2024\/05\/llengues-2.png\" alt=\"lleng\u00fces 2\" width=\"806\" height=\"603\" \/><\/p>\n<div class=\"slideshow_description_box slideshow_transparent\">\n<div class=\"slideshow_title\">lleng\u00fces 2<\/div>\n<\/p><\/div>\n<\/p><\/div>\n<div style=\"clear: both;\"><\/div>\n<\/div>\n<div class=\"slideshow_view\">\n<div class=\"slideshow_slide slideshow_slide_image\">\n\t\t\t\t\t\t\t\t\t\t\t<img loading=\"lazy\" decoding=\"async\" src=\"https:\/\/agora.xtec.cat\/cfasalvadordali\/wp-content\/uploads\/usu363\/2024\/05\/llengues1.png\" alt=\"lleng\u00fces1\" width=\"794\" height=\"600\" \/><\/p>\n<div class=\"slideshow_description_box slideshow_transparent\">\n<div class=\"slideshow_title\">lleng\u00fces1<\/div>\n<\/p><\/div>\n<\/p><\/div>\n<div style=\"clear: both;\"><\/div>\n<\/div>\n<div class=\"slideshow_view\">\n<div class=\"slideshow_slide slideshow_slide_image\">\n\t\t\t\t\t\t\t\t\t\t\t<img loading=\"lazy\" decoding=\"async\" src=\"https:\/\/agora.xtec.cat\/cfasalvadordali\/wp-content\/uploads\/usu363\/2024\/05\/llengues1.png\" alt=\"lleng\u00fces1\" width=\"794\" height=\"600\" \/><\/p>\n<div class=\"slideshow_description_box slideshow_transparent\">\n<div class=\"slideshow_title\">lleng\u00fces1<\/div>\n<\/p><\/div>\n<\/p><\/div>\n<div style=\"clear: both;\"><\/div>\n<\/div><\/div>\n<div class=\"slideshow_controlPanel slideshow_transparent\" style=\"display: none;\">\n<ul>\n<li class=\"slideshow_togglePlay\" data-play-text=\"Visualitza\" data-pause-text=\"Pausa\"><\/li>\n<\/ul>\n<\/div>\n<div class=\"slideshow_button slideshow_previous slideshow_transparent\" role=\"button\" data-previous-text=\"Anterior\" style=\"display: none;\"><\/div>\n<div class=\"slideshow_button slideshow_next slideshow_transparent\" role=\"button\" data-next-text=\"Seg\u00fcent\" style=\"display: none;\"><\/div>\n<div class=\"slideshow_pagination\" style=\"display: none;\" data-go-to-text=\"V\u00e9s a la diapositiva\">\n<div class=\"slideshow_pagination_center\"><\/div>\n<\/div>\n<p>\t\t<!-- WordPress Slideshow Version 2.3.1 --><\/p><\/div>\n<p>&nbsp;<\/p>\n","protected":false},"excerpt":{"rendered":"<p>L&#8217;equip de llengua catalana ha dissenyat una situaci\u00f3 d&#8217;aprenentatge basada en la gastronomia catalana. L&#8217;objectiu \u00e9s refor\u00e7ar la import\u00e0ncia de la cuina tradicional catalana com a part de la cultura i la identitat del territori. Hem treballat diverses receptes i hem elaborat un mural que&hellip;  <a href=\"https:\/\/agora.xtec.cat\/cfasalvadordali\/portada\/la-cuina-tradicional-als-ensenyaments-de-llengues\/\" title=\"Read LA CUINA TRADICIONAL ALS ENSENYAMENTS DE LLENG\u00dcES\">Llegeix m\u00e9s\u00bb<\/a><\/p>\n","protected":false},"author":54,"featured_media":3080,"comment_status":"open","ping_status":"closed","sticky":false,"template":"","format":"standard","meta":{"_bbp_topic_count":0,"_bbp_reply_count":0,"_bbp_total_topic_count":0,"_bbp_total_reply_count":0,"_bbp_voice_count":0,"_bbp_anonymous_reply_count":0,"_bbp_topic_count_hidden":0,"_bbp_reply_count_hidden":0,"_bbp_forum_subforum_count":0,"footnotes":""},"categories":[205,29],"tags":[],"class_list":["post-3075","post","type-post","status-publish","format-standard","has-post-thumbnail","hentry","category-llengues","category-portada"],"post_mailing_queue_ids":[],"_links":{"self":[{"href":"https:\/\/agora.xtec.cat\/cfasalvadordali\/wp-json\/wp\/v2\/posts\/3075","targetHints":{"allow":["GET"]}}],"collection":[{"href":"https:\/\/agora.xtec.cat\/cfasalvadordali\/wp-json\/wp\/v2\/posts"}],"about":[{"href":"https:\/\/agora.xtec.cat\/cfasalvadordali\/wp-json\/wp\/v2\/types\/post"}],"author":[{"embeddable":true,"href":"https:\/\/agora.xtec.cat\/cfasalvadordali\/wp-json\/wp\/v2\/users\/54"}],"replies":[{"embeddable":true,"href":"https:\/\/agora.xtec.cat\/cfasalvadordali\/wp-json\/wp\/v2\/comments?post=3075"}],"version-history":[{"count":4,"href":"https:\/\/agora.xtec.cat\/cfasalvadordali\/wp-json\/wp\/v2\/posts\/3075\/revisions"}],"predecessor-version":[{"id":3593,"href":"https:\/\/agora.xtec.cat\/cfasalvadordali\/wp-json\/wp\/v2\/posts\/3075\/revisions\/3593"}],"wp:featuredmedia":[{"embeddable":true,"href":"https:\/\/agora.xtec.cat\/cfasalvadordali\/wp-json\/wp\/v2\/media\/3080"}],"wp:attachment":[{"href":"https:\/\/agora.xtec.cat\/cfasalvadordali\/wp-json\/wp\/v2\/media?parent=3075"}],"wp:term":[{"taxonomy":"category","embeddable":true,"href":"https:\/\/agora.xtec.cat\/cfasalvadordali\/wp-json\/wp\/v2\/categories?post=3075"},{"taxonomy":"post_tag","embeddable":true,"href":"https:\/\/agora.xtec.cat\/cfasalvadordali\/wp-json\/wp\/v2\/tags?post=3075"}],"curies":[{"name":"wp","href":"https:\/\/api.w.org\/{rel}","templated":true}]}}