{"id":3069,"date":"2024-05-23T18:52:25","date_gmt":"2024-05-23T16:52:25","guid":{"rendered":"https:\/\/agora.xtec.cat\/cfasalvadordali\/?p=3069"},"modified":"2025-02-18T12:33:34","modified_gmt":"2025-02-18T11:33:34","slug":"jornada-de-bones-practiques-educatives-als-cfa-del-baix-llobregat","status":"publish","type":"post","link":"https:\/\/agora.xtec.cat\/cfasalvadordali\/portada\/jornada-de-bones-practiques-educatives-als-cfa-del-baix-llobregat\/","title":{"rendered":"JORNADA DE BONES PR\u00c0CTIQUES EDUCATIVES ALS CFA DEL BAIX LLOBREGAT"},"content":{"rendered":"<p>Avui alguns docents del CFA Salvador Dal\u00ed han participat de la jornada de bones pr\u00e0ctiques als CFA per intercanviar pr\u00e0ctiques d&#8217;\u00e8xit educatiu. La iniciativa est\u00e0 organitzada pel Servei d&#8217;Educaci\u00f3 al Llarg de la Vida i est\u00e0\u00a0 adre\u00e7ada als centres de formaci\u00f3 d&#8217;adults. Hem tingut l&#8217;oportunitat d&#8217;escoltar propostes d&#8217;altres centres en una jornada plena d&#8217;iniciatives molt interessants.<\/p>\n<p><a href=\"https:\/\/agora.xtec.cat\/cfasalvadordali\/wp-content\/uploads\/usu363\/2024\/05\/WhatsApp-Image-2024-05-23-at-18.39.27.jpeg\"><img loading=\"lazy\" decoding=\"async\" class=\"aligncenter size-medium wp-image-3068\" src=\"https:\/\/agora.xtec.cat\/cfasalvadordali\/wp-content\/uploads\/usu363\/2024\/05\/WhatsApp-Image-2024-05-23-at-18.39.27-300x225.jpeg\" alt=\"\" width=\"300\" height=\"225\" srcset=\"https:\/\/agora.xtec.cat\/cfasalvadordali\/wp-content\/uploads\/usu363\/2024\/05\/WhatsApp-Image-2024-05-23-at-18.39.27-300x225.jpeg 300w, https:\/\/agora.xtec.cat\/cfasalvadordali\/wp-content\/uploads\/usu363\/2024\/05\/WhatsApp-Image-2024-05-23-at-18.39.27-1024x768.jpeg 1024w, https:\/\/agora.xtec.cat\/cfasalvadordali\/wp-content\/uploads\/usu363\/2024\/05\/WhatsApp-Image-2024-05-23-at-18.39.27-768x576.jpeg 768w, https:\/\/agora.xtec.cat\/cfasalvadordali\/wp-content\/uploads\/usu363\/2024\/05\/WhatsApp-Image-2024-05-23-at-18.39.27-1536x1152.jpeg 1536w, https:\/\/agora.xtec.cat\/cfasalvadordali\/wp-content\/uploads\/usu363\/2024\/05\/WhatsApp-Image-2024-05-23-at-18.39.27-200x150.jpeg 200w, https:\/\/agora.xtec.cat\/cfasalvadordali\/wp-content\/uploads\/usu363\/2024\/05\/WhatsApp-Image-2024-05-23-at-18.39.27.jpeg 2000w\" sizes=\"auto, (max-width: 300px) 100vw, 300px\" \/><\/a><\/p>\n","protected":false},"excerpt":{"rendered":"<p>Avui alguns docents del CFA Salvador Dal\u00ed han participat de la jornada de bones pr\u00e0ctiques als CFA per intercanviar pr\u00e0ctiques d&#8217;\u00e8xit educatiu. La iniciativa est\u00e0 organitzada pel Servei d&#8217;Educaci\u00f3 al Llarg de la Vida i est\u00e0\u00a0 adre\u00e7ada als centres de formaci\u00f3 d&#8217;adults. Hem tingut l&#8217;oportunitat&hellip;  <a href=\"https:\/\/agora.xtec.cat\/cfasalvadordali\/portada\/jornada-de-bones-practiques-educatives-als-cfa-del-baix-llobregat\/\" title=\"Read JORNADA DE BONES PR\u00c0CTIQUES EDUCATIVES ALS CFA DEL BAIX LLOBREGAT\">Llegeix m\u00e9s\u00bb<\/a><\/p>\n","protected":false},"author":54,"featured_media":3067,"comment_status":"open","ping_status":"closed","sticky":false,"template":"","format":"standard","meta":{"_bbp_topic_count":0,"_bbp_reply_count":0,"_bbp_total_topic_count":0,"_bbp_total_reply_count":0,"_bbp_voice_count":0,"_bbp_anonymous_reply_count":0,"_bbp_topic_count_hidden":0,"_bbp_reply_count_hidden":0,"_bbp_forum_subforum_count":0,"footnotes":""},"categories":[96,29],"tags":[],"class_list":["post-3069","post","type-post","status-publish","format-standard","has-post-thumbnail","hentry","category-activitats-culturals","category-portada"],"post_mailing_queue_ids":[],"_links":{"self":[{"href":"https:\/\/agora.xtec.cat\/cfasalvadordali\/wp-json\/wp\/v2\/posts\/3069","targetHints":{"allow":["GET"]}}],"collection":[{"href":"https:\/\/agora.xtec.cat\/cfasalvadordali\/wp-json\/wp\/v2\/posts"}],"about":[{"href":"https:\/\/agora.xtec.cat\/cfasalvadordali\/wp-json\/wp\/v2\/types\/post"}],"author":[{"embeddable":true,"href":"https:\/\/agora.xtec.cat\/cfasalvadordali\/wp-json\/wp\/v2\/users\/54"}],"replies":[{"embeddable":true,"href":"https:\/\/agora.xtec.cat\/cfasalvadordali\/wp-json\/wp\/v2\/comments?post=3069"}],"version-history":[{"count":3,"href":"https:\/\/agora.xtec.cat\/cfasalvadordali\/wp-json\/wp\/v2\/posts\/3069\/revisions"}],"predecessor-version":[{"id":3592,"href":"https:\/\/agora.xtec.cat\/cfasalvadordali\/wp-json\/wp\/v2\/posts\/3069\/revisions\/3592"}],"wp:featuredmedia":[{"embeddable":true,"href":"https:\/\/agora.xtec.cat\/cfasalvadordali\/wp-json\/wp\/v2\/media\/3067"}],"wp:attachment":[{"href":"https:\/\/agora.xtec.cat\/cfasalvadordali\/wp-json\/wp\/v2\/media?parent=3069"}],"wp:term":[{"taxonomy":"category","embeddable":true,"href":"https:\/\/agora.xtec.cat\/cfasalvadordali\/wp-json\/wp\/v2\/categories?post=3069"},{"taxonomy":"post_tag","embeddable":true,"href":"https:\/\/agora.xtec.cat\/cfasalvadordali\/wp-json\/wp\/v2\/tags?post=3069"}],"curies":[{"name":"wp","href":"https:\/\/api.w.org\/{rel}","templated":true}]}}