{"id":3005,"date":"2024-05-03T13:31:54","date_gmt":"2024-05-03T11:31:54","guid":{"rendered":"https:\/\/agora.xtec.cat\/cfasalvadordali\/?p=3005"},"modified":"2025-02-18T12:32:42","modified_gmt":"2025-02-18T11:32:42","slug":"bons-moments-a-lies-la-roca","status":"publish","type":"post","link":"https:\/\/agora.xtec.cat\/cfasalvadordali\/portada\/bons-moments-a-lies-la-roca\/","title":{"rendered":"BONS MOMENTS A L&#8217;IES LA ROCA"},"content":{"rendered":"<p>La visita a l&#8217;IES La Roca ens ha perm\u00e8s tornar a les aules, aquesta vegada amb m\u00e9s comoditat que quan els\u00a0alumnes \u00e9rem\u00a0nosaltres, ens hem sentit escoltats, tot i que hem hagut de v\u00e8ncer la vergonya inicial.<br \/>\nHem tingut l&#8217;oportunitat de donar visibilitat una realitat que potser no coneixien. Hem vist ulls encuriosits, hem escoltat preguntes, reflexions interessants&#8230;<br \/>\nAportar el nostre gra de sorra ens ha fet sentir \u00fatils i tenir l&#8217;esperan\u00e7a que la nostra experi\u00e8ncia els serveixi per prendre bones decisions.<\/p>\n<p>Aaron, Cristian i Gerson, alumnes del CFA Salvador Dal\u00ed.<\/p>\n<p><a href=\"https:\/\/agora.xtec.cat\/cfasalvadordali\/wp-content\/uploads\/usu363\/2024\/05\/sortida-ies-La-Roca.png\"><br \/>\n<img loading=\"lazy\" decoding=\"async\" class=\"aligncenter wp-image-3006 size-medium\" src=\"https:\/\/agora.xtec.cat\/cfasalvadordali\/wp-content\/uploads\/usu363\/2024\/05\/sortida-ies-La-Roca-227x300.png\" alt=\"\" width=\"227\" height=\"300\" srcset=\"https:\/\/agora.xtec.cat\/cfasalvadordali\/wp-content\/uploads\/usu363\/2024\/05\/sortida-ies-La-Roca-227x300.png 227w, https:\/\/agora.xtec.cat\/cfasalvadordali\/wp-content\/uploads\/usu363\/2024\/05\/sortida-ies-La-Roca.png 516w\" sizes=\"auto, (max-width: 227px) 100vw, 227px\" \/><\/a><\/p>\n","protected":false},"excerpt":{"rendered":"<p>La visita a l&#8217;IES La Roca ens ha perm\u00e8s tornar a les aules, aquesta vegada amb m\u00e9s comoditat que quan els\u00a0alumnes \u00e9rem\u00a0nosaltres, ens hem sentit escoltats, tot i que hem hagut de v\u00e8ncer la vergonya inicial.<br \/>\nHem tingut l&#8217;oportunitat de donar visibilitat una realitat que potser&hellip;  <a href=\"https:\/\/agora.xtec.cat\/cfasalvadordali\/portada\/bons-moments-a-lies-la-roca\/\" title=\"Read BONS MOMENTS A L&#8217;IES LA ROCA\">Llegeix m\u00e9s\u00bb<\/a><\/p>\n","protected":false},"author":54,"featured_media":3006,"comment_status":"open","ping_status":"closed","sticky":false,"template":"","format":"standard","meta":{"_bbp_topic_count":0,"_bbp_reply_count":0,"_bbp_total_topic_count":0,"_bbp_total_reply_count":0,"_bbp_voice_count":0,"_bbp_anonymous_reply_count":0,"_bbp_topic_count_hidden":0,"_bbp_reply_count_hidden":0,"_bbp_forum_subforum_count":0,"footnotes":""},"categories":[96,29],"tags":[],"class_list":["post-3005","post","type-post","status-publish","format-standard","has-post-thumbnail","hentry","category-activitats-culturals","category-portada"],"post_mailing_queue_ids":[],"_links":{"self":[{"href":"https:\/\/agora.xtec.cat\/cfasalvadordali\/wp-json\/wp\/v2\/posts\/3005","targetHints":{"allow":["GET"]}}],"collection":[{"href":"https:\/\/agora.xtec.cat\/cfasalvadordali\/wp-json\/wp\/v2\/posts"}],"about":[{"href":"https:\/\/agora.xtec.cat\/cfasalvadordali\/wp-json\/wp\/v2\/types\/post"}],"author":[{"embeddable":true,"href":"https:\/\/agora.xtec.cat\/cfasalvadordali\/wp-json\/wp\/v2\/users\/54"}],"replies":[{"embeddable":true,"href":"https:\/\/agora.xtec.cat\/cfasalvadordali\/wp-json\/wp\/v2\/comments?post=3005"}],"version-history":[{"count":4,"href":"https:\/\/agora.xtec.cat\/cfasalvadordali\/wp-json\/wp\/v2\/posts\/3005\/revisions"}],"predecessor-version":[{"id":3588,"href":"https:\/\/agora.xtec.cat\/cfasalvadordali\/wp-json\/wp\/v2\/posts\/3005\/revisions\/3588"}],"wp:featuredmedia":[{"embeddable":true,"href":"https:\/\/agora.xtec.cat\/cfasalvadordali\/wp-json\/wp\/v2\/media\/3006"}],"wp:attachment":[{"href":"https:\/\/agora.xtec.cat\/cfasalvadordali\/wp-json\/wp\/v2\/media?parent=3005"}],"wp:term":[{"taxonomy":"category","embeddable":true,"href":"https:\/\/agora.xtec.cat\/cfasalvadordali\/wp-json\/wp\/v2\/categories?post=3005"},{"taxonomy":"post_tag","embeddable":true,"href":"https:\/\/agora.xtec.cat\/cfasalvadordali\/wp-json\/wp\/v2\/tags?post=3005"}],"curies":[{"name":"wp","href":"https:\/\/api.w.org\/{rel}","templated":true}]}}