{"id":2989,"date":"2024-04-29T16:33:37","date_gmt":"2024-04-29T14:33:37","guid":{"rendered":"https:\/\/agora.xtec.cat\/cfasalvadordali\/?p=2989"},"modified":"2025-02-18T12:32:21","modified_gmt":"2025-02-18T11:32:21","slug":"entrega-de-premis-del-certamen-literari","status":"publish","type":"post","link":"https:\/\/agora.xtec.cat\/cfasalvadordali\/portada\/entrega-de-premis-del-certamen-literari\/","title":{"rendered":"ENTREGA DE PREMIS DEL CERTAMEN LITERARI"},"content":{"rendered":"<p>El dijous 25 d&#8217;abril va tenir lloc l&#8217;entrega de premis del Certamen Literari\u00a0 de Sant Jordi 2024 al teatre del centre. Ens v\u00e0rem reunir una cinquantena de participants tots carregats d&#8217;il\u00b7lusi\u00f3, alegria i ganes de gaudir de l&#8217;acte. Com no podia ser d&#8217;altra manera, l&#8217;activitat va tenir un to institucional (celebr\u00e0vem el dia del patr\u00f3 de Catalunya) per\u00f2 alhora festiu, ja que qualsevol trobada \u00e9s motiu d&#8217;alegria i festa.<br \/>\nEnguany les categories de les obres van ser:<br \/>\n\u2013 Haikus\/ Relats\/ Acr\u00f2stics\/ Cartells de cr\u00edtica social.<br \/>\nEl tema de les produccions va ser EL CANVI CLIM\u00c0TIC (lligat l&#8217;ODS 13). Des de la comissi\u00f3, agra\u00efm l&#8217;alta participaci\u00f3 de l&#8217;alumnat i els felicitem per la feina feta. Moltes gr\u00e0cies a tothom!!<\/p>\n<p>&nbsp;<\/p>\n<p><a href=\"https:\/\/agora.xtec.cat\/cfasalvadordali\/wp-content\/uploads\/usu363\/2024\/04\/borraddfo.png\"><img loading=\"lazy\" decoding=\"async\" class=\"aligncenter size-medium wp-image-3105\" src=\"https:\/\/agora.xtec.cat\/cfasalvadordali\/wp-content\/uploads\/usu363\/2024\/04\/borraddfo-300x220.png\" alt=\"\" width=\"300\" height=\"220\" srcset=\"https:\/\/agora.xtec.cat\/cfasalvadordali\/wp-content\/uploads\/usu363\/2024\/04\/borraddfo-300x220.png 300w, https:\/\/agora.xtec.cat\/cfasalvadordali\/wp-content\/uploads\/usu363\/2024\/04\/borraddfo-768x564.png 768w, https:\/\/agora.xtec.cat\/cfasalvadordali\/wp-content\/uploads\/usu363\/2024\/04\/borraddfo.png 826w\" sizes=\"auto, (max-width: 300px) 100vw, 300px\" \/><\/a><\/p>\n","protected":false},"excerpt":{"rendered":"<p>El dijous 25 d&#8217;abril va tenir lloc l&#8217;entrega de premis del Certamen Literari\u00a0 de Sant Jordi 2024 al teatre del centre. Ens v\u00e0rem reunir una cinquantena de participants tots carregats d&#8217;il\u00b7lusi\u00f3, alegria i ganes de gaudir de l&#8217;acte. Com no podia ser d&#8217;altra manera, l&#8217;activitat&hellip;  <a href=\"https:\/\/agora.xtec.cat\/cfasalvadordali\/portada\/entrega-de-premis-del-certamen-literari\/\" title=\"Read ENTREGA DE PREMIS DEL CERTAMEN LITERARI\">Llegeix m\u00e9s\u00bb<\/a><\/p>\n","protected":false},"author":54,"featured_media":3105,"comment_status":"open","ping_status":"closed","sticky":false,"template":"","format":"standard","meta":{"_bbp_topic_count":0,"_bbp_reply_count":0,"_bbp_total_topic_count":0,"_bbp_total_reply_count":0,"_bbp_voice_count":0,"_bbp_anonymous_reply_count":0,"_bbp_topic_count_hidden":0,"_bbp_reply_count_hidden":0,"_bbp_forum_subforum_count":0,"footnotes":""},"categories":[96,205,29],"tags":[],"class_list":["post-2989","post","type-post","status-publish","format-standard","has-post-thumbnail","hentry","category-activitats-culturals","category-llengues","category-portada"],"post_mailing_queue_ids":[],"_links":{"self":[{"href":"https:\/\/agora.xtec.cat\/cfasalvadordali\/wp-json\/wp\/v2\/posts\/2989","targetHints":{"allow":["GET"]}}],"collection":[{"href":"https:\/\/agora.xtec.cat\/cfasalvadordali\/wp-json\/wp\/v2\/posts"}],"about":[{"href":"https:\/\/agora.xtec.cat\/cfasalvadordali\/wp-json\/wp\/v2\/types\/post"}],"author":[{"embeddable":true,"href":"https:\/\/agora.xtec.cat\/cfasalvadordali\/wp-json\/wp\/v2\/users\/54"}],"replies":[{"embeddable":true,"href":"https:\/\/agora.xtec.cat\/cfasalvadordali\/wp-json\/wp\/v2\/comments?post=2989"}],"version-history":[{"count":6,"href":"https:\/\/agora.xtec.cat\/cfasalvadordali\/wp-json\/wp\/v2\/posts\/2989\/revisions"}],"predecessor-version":[{"id":3586,"href":"https:\/\/agora.xtec.cat\/cfasalvadordali\/wp-json\/wp\/v2\/posts\/2989\/revisions\/3586"}],"wp:featuredmedia":[{"embeddable":true,"href":"https:\/\/agora.xtec.cat\/cfasalvadordali\/wp-json\/wp\/v2\/media\/3105"}],"wp:attachment":[{"href":"https:\/\/agora.xtec.cat\/cfasalvadordali\/wp-json\/wp\/v2\/media?parent=2989"}],"wp:term":[{"taxonomy":"category","embeddable":true,"href":"https:\/\/agora.xtec.cat\/cfasalvadordali\/wp-json\/wp\/v2\/categories?post=2989"},{"taxonomy":"post_tag","embeddable":true,"href":"https:\/\/agora.xtec.cat\/cfasalvadordali\/wp-json\/wp\/v2\/tags?post=2989"}],"curies":[{"name":"wp","href":"https:\/\/api.w.org\/{rel}","templated":true}]}}