{"id":2984,"date":"2024-04-29T16:26:30","date_gmt":"2024-04-29T14:26:30","guid":{"rendered":"https:\/\/agora.xtec.cat\/cfasalvadordali\/?p=2984"},"modified":"2025-02-18T12:32:11","modified_gmt":"2025-02-18T11:32:11","slug":"certamen-literari-de-sant-jordi","status":"publish","type":"post","link":"https:\/\/agora.xtec.cat\/cfasalvadordali\/general\/certamen-literari-de-sant-jordi\/","title":{"rendered":"CERTAMEN LITERARI DE SANT JORDI"},"content":{"rendered":"<p><a href=\"https:\/\/agora.xtec.cat\/cfasalvadordali\/wp-content\/uploads\/usu363\/2024\/04\/Certamen-Sant-Jordi-min-scaled.jpg\"><img loading=\"lazy\" decoding=\"async\" class=\"alignnone size-large wp-image-2987\" src=\"https:\/\/agora.xtec.cat\/cfasalvadordali\/wp-content\/uploads\/usu363\/2024\/04\/Certamen-Sant-Jordi-min-1024x768.jpg\" alt=\"\" width=\"1024\" height=\"768\" srcset=\"https:\/\/agora.xtec.cat\/cfasalvadordali\/wp-content\/uploads\/usu363\/2024\/04\/Certamen-Sant-Jordi-min-1024x768.jpg 1024w, https:\/\/agora.xtec.cat\/cfasalvadordali\/wp-content\/uploads\/usu363\/2024\/04\/Certamen-Sant-Jordi-min-300x225.jpg 300w, https:\/\/agora.xtec.cat\/cfasalvadordali\/wp-content\/uploads\/usu363\/2024\/04\/Certamen-Sant-Jordi-min-768x576.jpg 768w, https:\/\/agora.xtec.cat\/cfasalvadordali\/wp-content\/uploads\/usu363\/2024\/04\/Certamen-Sant-Jordi-min-1536x1152.jpg 1536w, https:\/\/agora.xtec.cat\/cfasalvadordali\/wp-content\/uploads\/usu363\/2024\/04\/Certamen-Sant-Jordi-min-2048x1536.jpg 2048w, https:\/\/agora.xtec.cat\/cfasalvadordali\/wp-content\/uploads\/usu363\/2024\/04\/Certamen-Sant-Jordi-min-200x150.jpg 200w\" sizes=\"auto, (max-width: 1024px) 100vw, 1024px\" \/><\/a>El dijous 25 d&#8217;abril va tenir lloc el &#8220;Certamen Literari Sant Jordi 2024&#8221; al teatre del centre. Ens hi vam aplegar una cinquantena de participants tots carregats d&#8217;il\u00b7lusi\u00f3, alegria i ganes de gaudir de l&#8217;acte. Com no pot ser de cap altre manera, l&#8217;acte va tenir un to institucional (celebr\u00e0vem el dia del patr\u00f3 de Catalunya) per\u00f2 alhora festiu ja que qualsevol trobada \u00e9s motiu d&#8217;alegria i festa.<\/p>\n<p>Enguany les categories de les obres van ser:<\/p>\n<p>&#8211; Haikus<\/p>\n<p>&#8211; Relats<\/p>\n<p>&#8211; Acr\u00f2stics<\/p>\n<p>&#8211; Cartells de cr\u00edtica social.<\/p>\n<p>El tema de les obres va ser EL CANVI CLIM\u00c0TIC (lligat al ODS 13). Des de la comissi\u00f3, agra\u00efm l&#8217;alta participaci\u00f3 de l&#8217;alumnat i els felicitem per la feina feta. Moltes gr\u00e0cies a tothom!!!!!<\/p>\n","protected":false},"excerpt":{"rendered":"<p><a href=\"https:\/\/agora.xtec.cat\/cfasalvadordali\/wp-content\/uploads\/usu363\/2024\/04\/Certamen-Sant-Jordi-min-scaled.jpg\"><\/a>El dijous 25 d&#8217;abril va tenir lloc el &#8220;Certamen Literari Sant Jordi 2024&#8221; al teatre del centre. Ens hi vam aplegar una cinquantena de participants tots carregats d&#8217;il\u00b7lusi\u00f3, alegria i ganes de gaudir de l&#8217;acte. Com no pot ser de cap altre manera, l&#8217;acte&hellip;  <a href=\"https:\/\/agora.xtec.cat\/cfasalvadordali\/general\/certamen-literari-de-sant-jordi\/\" title=\"Read CERTAMEN LITERARI DE SANT JORDI\">Llegeix m\u00e9s\u00bb<\/a><\/p>\n","protected":false},"author":1,"featured_media":2987,"comment_status":"open","ping_status":"closed","sticky":false,"template":"","format":"standard","meta":{"_bbp_topic_count":0,"_bbp_reply_count":0,"_bbp_total_topic_count":0,"_bbp_total_reply_count":0,"_bbp_voice_count":0,"_bbp_anonymous_reply_count":0,"_bbp_topic_count_hidden":0,"_bbp_reply_count_hidden":0,"_bbp_forum_subforum_count":0,"footnotes":""},"categories":[1],"tags":[],"class_list":["post-2984","post","type-post","status-publish","format-standard","has-post-thumbnail","hentry","category-general"],"post_mailing_queue_ids":[],"_links":{"self":[{"href":"https:\/\/agora.xtec.cat\/cfasalvadordali\/wp-json\/wp\/v2\/posts\/2984","targetHints":{"allow":["GET"]}}],"collection":[{"href":"https:\/\/agora.xtec.cat\/cfasalvadordali\/wp-json\/wp\/v2\/posts"}],"about":[{"href":"https:\/\/agora.xtec.cat\/cfasalvadordali\/wp-json\/wp\/v2\/types\/post"}],"author":[{"embeddable":true,"href":"https:\/\/agora.xtec.cat\/cfasalvadordali\/wp-json\/wp\/v2\/users\/1"}],"replies":[{"embeddable":true,"href":"https:\/\/agora.xtec.cat\/cfasalvadordali\/wp-json\/wp\/v2\/comments?post=2984"}],"version-history":[{"count":4,"href":"https:\/\/agora.xtec.cat\/cfasalvadordali\/wp-json\/wp\/v2\/posts\/2984\/revisions"}],"predecessor-version":[{"id":3585,"href":"https:\/\/agora.xtec.cat\/cfasalvadordali\/wp-json\/wp\/v2\/posts\/2984\/revisions\/3585"}],"wp:featuredmedia":[{"embeddable":true,"href":"https:\/\/agora.xtec.cat\/cfasalvadordali\/wp-json\/wp\/v2\/media\/2987"}],"wp:attachment":[{"href":"https:\/\/agora.xtec.cat\/cfasalvadordali\/wp-json\/wp\/v2\/media?parent=2984"}],"wp:term":[{"taxonomy":"category","embeddable":true,"href":"https:\/\/agora.xtec.cat\/cfasalvadordali\/wp-json\/wp\/v2\/categories?post=2984"},{"taxonomy":"post_tag","embeddable":true,"href":"https:\/\/agora.xtec.cat\/cfasalvadordali\/wp-json\/wp\/v2\/tags?post=2984"}],"curies":[{"name":"wp","href":"https:\/\/api.w.org\/{rel}","templated":true}]}}