{"id":2965,"date":"2024-04-25T22:36:38","date_gmt":"2024-04-25T20:36:38","guid":{"rendered":"https:\/\/agora.xtec.cat\/cfasalvadordali\/?p=2965"},"modified":"2025-02-18T12:31:59","modified_gmt":"2025-02-18T11:31:59","slug":"sortida-programada-a-empuries","status":"publish","type":"post","link":"https:\/\/agora.xtec.cat\/cfasalvadordali\/general\/sortida-programada-a-empuries\/","title":{"rendered":"SORTIDA PROGRAMADA A EMP\u00daRIES"},"content":{"rendered":"<p>Alumnat de formaci\u00f3 instrumental i castell\u00e0 ha pogut gaudir d\u2019un dia fabul\u00f3s a les<br \/>\nru\u00efnes gregues i romanes d&#8217;Emp\u00faries, on els murs parlen. Els vestigis guarden secrets<br \/>\nde civilitzacions antigues, on cada pedra respira hist\u00f2ria. Davant d&#8217;aquestes runes, el<br \/>\ntemps es det\u00e9, convidant-nos a reflexionar sobre la grandesa i la fragilitat de la<br \/>\nhumanitat. Un viatge en el temps que ens connecta amb el passat i ens recorda la<br \/>\nnostra ef\u00edmera pres\u00e8ncia en aquesta terra.<\/p>\n<div class=\"slideshow_container slideshow_container_style-light\" style=\"height: 300px; \" data-slideshow-id=\"2974\" data-style-name=\"style-light\" data-style-version=\"2.3.1\" >\n<div class=\"slideshow_loading_icon\"><\/div>\n<div class=\"slideshow_content\" style=\"display: none;\">\n<div class=\"slideshow_view\">\n<div class=\"slideshow_slide slideshow_slide_image\">\n\t\t\t\t\t\t\t\t\t\t\t<img loading=\"lazy\" decoding=\"async\" src=\"https:\/\/agora.xtec.cat\/cfasalvadordali\/wp-content\/uploads\/usu363\/2024\/04\/EMPURIES-1-min-2-scaled.jpg\" alt=\"EMPURIES 1-min\" width=\"2560\" height=\"1920\" \/><\/p>\n<div class=\"slideshow_description_box slideshow_transparent\">\n<div class=\"slideshow_title\">EMPURIES 1-min<\/div>\n<\/p><\/div>\n<\/p><\/div>\n<div style=\"clear: both;\"><\/div>\n<\/div>\n<div class=\"slideshow_view\">\n<div class=\"slideshow_slide slideshow_slide_image\">\n\t\t\t\t\t\t\t\t\t\t\t<img loading=\"lazy\" decoding=\"async\" src=\"https:\/\/agora.xtec.cat\/cfasalvadordali\/wp-content\/uploads\/usu363\/2024\/04\/EMPURIES-3-min-1-scaled.jpg\" alt=\"EMPURIES 3-min\" width=\"2560\" height=\"1920\" \/><\/p>\n<div class=\"slideshow_description_box slideshow_transparent\">\n<div class=\"slideshow_title\">EMPURIES 3-min<\/div>\n<\/p><\/div>\n<\/p><\/div>\n<div style=\"clear: both;\"><\/div>\n<\/div>\n<div class=\"slideshow_view\">\n<div class=\"slideshow_slide slideshow_slide_image\">\n\t\t\t\t\t\t\t\t\t\t\t<img loading=\"lazy\" decoding=\"async\" src=\"https:\/\/agora.xtec.cat\/cfasalvadordali\/wp-content\/uploads\/usu363\/2024\/04\/EMPURIES-2-min-1-scaled.jpg\" alt=\"EMPURIES 2-min\" width=\"2560\" height=\"1898\" \/><\/p>\n<div class=\"slideshow_description_box slideshow_transparent\">\n<div class=\"slideshow_title\">EMPURIES 2-min<\/div>\n<\/p><\/div>\n<\/p><\/div>\n<div style=\"clear: both;\"><\/div>\n<\/div><\/div>\n<div class=\"slideshow_controlPanel slideshow_transparent\" style=\"display: none;\">\n<ul>\n<li class=\"slideshow_togglePlay\" data-play-text=\"Visualitza\" data-pause-text=\"Pausa\"><\/li>\n<\/ul>\n<\/div>\n<div class=\"slideshow_button slideshow_previous slideshow_transparent\" role=\"button\" data-previous-text=\"Anterior\" style=\"display: none;\"><\/div>\n<div class=\"slideshow_button slideshow_next slideshow_transparent\" role=\"button\" data-next-text=\"Seg\u00fcent\" style=\"display: none;\"><\/div>\n<div class=\"slideshow_pagination\" style=\"display: none;\" data-go-to-text=\"V\u00e9s a la diapositiva\">\n<div class=\"slideshow_pagination_center\"><\/div>\n<\/div>\n<p>\t\t<!-- WordPress Slideshow Version 2.3.1 --><\/p><\/div><\/p>\n","protected":false},"excerpt":{"rendered":"<p>Alumnat de formaci\u00f3 instrumental i castell\u00e0 ha pogut gaudir d\u2019un dia fabul\u00f3s a les<br \/>\nru\u00efnes gregues i romanes d&#8217;Emp\u00faries, on els murs parlen. Els vestigis guarden secrets<br \/>\nde civilitzacions antigues, on cada pedra respira hist\u00f2ria. Davant d&#8217;aquestes runes, el<br \/>\ntemps es det\u00e9, convidant-nos a reflexionar sobre la grandesa&hellip;  <a href=\"https:\/\/agora.xtec.cat\/cfasalvadordali\/general\/sortida-programada-a-empuries\/\" title=\"Read SORTIDA PROGRAMADA A EMP\u00daRIES\">Llegeix m\u00e9s\u00bb<\/a><\/p>\n","protected":false},"author":1,"featured_media":2972,"comment_status":"open","ping_status":"closed","sticky":false,"template":"","format":"standard","meta":{"_bbp_topic_count":0,"_bbp_reply_count":0,"_bbp_total_topic_count":0,"_bbp_total_reply_count":0,"_bbp_voice_count":0,"_bbp_anonymous_reply_count":0,"_bbp_topic_count_hidden":0,"_bbp_reply_count_hidden":0,"_bbp_forum_subforum_count":0,"footnotes":""},"categories":[96,87,1,205,29],"tags":[],"class_list":["post-2965","post","type-post","status-publish","format-standard","has-post-thumbnail","hentry","category-activitats-culturals","category-fi","category-general","category-llengues","category-portada"],"post_mailing_queue_ids":[],"_links":{"self":[{"href":"https:\/\/agora.xtec.cat\/cfasalvadordali\/wp-json\/wp\/v2\/posts\/2965","targetHints":{"allow":["GET"]}}],"collection":[{"href":"https:\/\/agora.xtec.cat\/cfasalvadordali\/wp-json\/wp\/v2\/posts"}],"about":[{"href":"https:\/\/agora.xtec.cat\/cfasalvadordali\/wp-json\/wp\/v2\/types\/post"}],"author":[{"embeddable":true,"href":"https:\/\/agora.xtec.cat\/cfasalvadordali\/wp-json\/wp\/v2\/users\/1"}],"replies":[{"embeddable":true,"href":"https:\/\/agora.xtec.cat\/cfasalvadordali\/wp-json\/wp\/v2\/comments?post=2965"}],"version-history":[{"count":4,"href":"https:\/\/agora.xtec.cat\/cfasalvadordali\/wp-json\/wp\/v2\/posts\/2965\/revisions"}],"predecessor-version":[{"id":3584,"href":"https:\/\/agora.xtec.cat\/cfasalvadordali\/wp-json\/wp\/v2\/posts\/2965\/revisions\/3584"}],"wp:featuredmedia":[{"embeddable":true,"href":"https:\/\/agora.xtec.cat\/cfasalvadordali\/wp-json\/wp\/v2\/media\/2972"}],"wp:attachment":[{"href":"https:\/\/agora.xtec.cat\/cfasalvadordali\/wp-json\/wp\/v2\/media?parent=2965"}],"wp:term":[{"taxonomy":"category","embeddable":true,"href":"https:\/\/agora.xtec.cat\/cfasalvadordali\/wp-json\/wp\/v2\/categories?post=2965"},{"taxonomy":"post_tag","embeddable":true,"href":"https:\/\/agora.xtec.cat\/cfasalvadordali\/wp-json\/wp\/v2\/tags?post=2965"}],"curies":[{"name":"wp","href":"https:\/\/api.w.org\/{rel}","templated":true}]}}