{"id":2958,"date":"2024-04-25T15:40:53","date_gmt":"2024-04-25T13:40:53","guid":{"rendered":"https:\/\/agora.xtec.cat\/cfasalvadordali\/?p=2958"},"modified":"2025-02-18T12:31:49","modified_gmt":"2025-02-18T11:31:49","slug":"davant-del-mirall-el-gust-per-la-lectura","status":"publish","type":"post","link":"https:\/\/agora.xtec.cat\/cfasalvadordali\/portada\/davant-del-mirall-el-gust-per-la-lectura\/","title":{"rendered":"DAVANT DEL MIRALL. EL GUST PER LA LECTURA"},"content":{"rendered":"<p><iframe loading=\"lazy\" title=\"Davant del mirall - CFA Salvador Dal\u00ed.\" width=\"500\" height=\"281\" src=\"https:\/\/www.youtube.com\/embed\/JVkBj1Hzot0?feature=oembed\" frameborder=\"0\" allow=\"accelerometer; autoplay; clipboard-write; encrypted-media; gyroscope; picture-in-picture; web-share\" referrerpolicy=\"strict-origin-when-cross-origin\" allowfullscreen><\/iframe>&nbsp;<\/p>\n<p>En el marc del XXIX Concurs El Gust per la Lectura del Departament d&#8217;Educaci\u00f3 de la Generalitat de Catalunya, dos alumnes de GES del CFA Salvador Dal\u00ed, en Carlos i en Rub\u00e9n, han llegit el llibre &#8216;Les lleialtats&#8221;, de l&#8217;escriptora francesa Delphine de Vigan.<\/p>\n<p>Despr\u00e9s de treballar la lectura a l&#8217;aula, han elaborat un projecte audiovisual relacionant l&#8217;obra liter\u00e0ria amb la hist\u00f2ria personal d&#8217;un d&#8217;ells, en Carlos. Aix\u00ed doncs, l&#8217;audiovisual sorgit de la lectura s&#8217;ha vinculat de forma natural amb lo \u00edntim i personal, amb el testimoni vivencial.<\/p>\n<p>El projecte ha funcionat com un mirall: s&#8217;han succe\u00eft\u00a0cites textuals de\u00a0Les lleialtats\u00a0amb els relats personals d&#8217;un dels alumnes.<\/p>\n<p>En aquest sentit, l&#8217;objectiu ha estat real\u00e7ar el poder terap\u00e8utic de l&#8217;escriptura a l&#8217;hora d&#8217;afrontar, acceptar i visibilitzar el propi context personal, en aquest cas especialment travessat i condicionat per la situaci\u00f3 de privaci\u00f3 de llibertat.<\/p>\n<p>En la mateixa direcci\u00f3, el contingut audiovisual ha estat la mostra fefaent de com les obres liter\u00e0ries travessen i interpel\u00b7len al lector des del pla m\u00e9s \u00edntim i vivencial, at\u00e8s que sovint parlen de les nostres pr\u00f2pies hist\u00f2ries.<\/p>\n<p>Tamb\u00e9 es pret\u00e9n que el curtmetratge esdevingui una eina de transformaci\u00f3, de di\u00e0leg, de visibilitzaci\u00f3, d&#8217;humanitzaci\u00f3.<\/p>\n<p>El projecte ha estat acompanyat i orientat pel docent David, i gravat, editat i produ\u00eft per l&#8217;\u00c0lex\u00a0Puig Ros.<\/p>\n<p>T\u00edtol: Davant del mirall.<\/p>\n<p>Alumnes participants: Carlos i Rub\u00e9n.<\/p>\n<p>Categoria: E.<\/p>\n<p>Modalitat: E2.<\/p>\n","protected":false},"excerpt":{"rendered":"<p>&nbsp;<br \/>\nEn el marc del XXIX Concurs El Gust per la Lectura del Departament d&#8217;Educaci\u00f3 de la Generalitat de Catalunya, dos alumnes de GES del CFA Salvador Dal\u00ed, en Carlos i en Rub\u00e9n, han llegit el llibre &#8216;Les lleialtats&#8221;, de l&#8217;escriptora francesa Delphine de Vigan.<br \/>\nDespr\u00e9s de&hellip;  <a href=\"https:\/\/agora.xtec.cat\/cfasalvadordali\/portada\/davant-del-mirall-el-gust-per-la-lectura\/\" title=\"Read DAVANT DEL MIRALL. EL GUST PER LA LECTURA\">Llegeix m\u00e9s\u00bb<\/a><\/p>\n","protected":false},"author":54,"featured_media":0,"comment_status":"open","ping_status":"closed","sticky":false,"template":"","format":"standard","meta":{"_bbp_topic_count":0,"_bbp_reply_count":0,"_bbp_total_topic_count":0,"_bbp_total_reply_count":0,"_bbp_voice_count":0,"_bbp_anonymous_reply_count":0,"_bbp_topic_count_hidden":0,"_bbp_reply_count_hidden":0,"_bbp_forum_subforum_count":0,"footnotes":""},"categories":[85,29],"tags":[],"class_list":["post-2958","post","type-post","status-publish","format-standard","hentry","category-geso","category-portada"],"post_mailing_queue_ids":[],"_links":{"self":[{"href":"https:\/\/agora.xtec.cat\/cfasalvadordali\/wp-json\/wp\/v2\/posts\/2958","targetHints":{"allow":["GET"]}}],"collection":[{"href":"https:\/\/agora.xtec.cat\/cfasalvadordali\/wp-json\/wp\/v2\/posts"}],"about":[{"href":"https:\/\/agora.xtec.cat\/cfasalvadordali\/wp-json\/wp\/v2\/types\/post"}],"author":[{"embeddable":true,"href":"https:\/\/agora.xtec.cat\/cfasalvadordali\/wp-json\/wp\/v2\/users\/54"}],"replies":[{"embeddable":true,"href":"https:\/\/agora.xtec.cat\/cfasalvadordali\/wp-json\/wp\/v2\/comments?post=2958"}],"version-history":[{"count":6,"href":"https:\/\/agora.xtec.cat\/cfasalvadordali\/wp-json\/wp\/v2\/posts\/2958\/revisions"}],"predecessor-version":[{"id":3583,"href":"https:\/\/agora.xtec.cat\/cfasalvadordali\/wp-json\/wp\/v2\/posts\/2958\/revisions\/3583"}],"wp:attachment":[{"href":"https:\/\/agora.xtec.cat\/cfasalvadordali\/wp-json\/wp\/v2\/media?parent=2958"}],"wp:term":[{"taxonomy":"category","embeddable":true,"href":"https:\/\/agora.xtec.cat\/cfasalvadordali\/wp-json\/wp\/v2\/categories?post=2958"},{"taxonomy":"post_tag","embeddable":true,"href":"https:\/\/agora.xtec.cat\/cfasalvadordali\/wp-json\/wp\/v2\/tags?post=2958"}],"curies":[{"name":"wp","href":"https:\/\/api.w.org\/{rel}","templated":true}]}}