{"id":2880,"date":"2024-04-22T13:43:40","date_gmt":"2024-04-22T11:43:40","guid":{"rendered":"https:\/\/agora.xtec.cat\/cfasalvadordali\/?p=2880"},"modified":"2025-02-18T12:30:38","modified_gmt":"2025-02-18T11:30:38","slug":"els-alumnes-de-modul-a-larea-educativa","status":"publish","type":"post","link":"https:\/\/agora.xtec.cat\/cfasalvadordali\/general\/els-alumnes-de-modul-a-larea-educativa\/","title":{"rendered":"ELS ALUMNES DE M\u00d2DUL A L&#8217;\u00c0REA EDUCATIVA"},"content":{"rendered":"<p>Des de projectes en catal\u00e0 als m\u00f2duls el passat dimecres 10 d&#8217;abril, els alumnes del MR-3,\u00a0 vam explicar als alumnes de catal\u00e0 de les 9 del mat\u00ed de la Virginia, la feina feta partint de la lectura dels poemes de Pablo Has\u00e9l. Va ser una experi\u00e8ncia divertida i molt gratificant. Ser capa\u00e7 d&#8217;explicar la feina feta per parts dels alumnes de m\u00f2dul, un cop passats els nervis inicials, va ser MOLT GRATIFICANT. Els alumnes de catal\u00e0, tamb\u00e9 van participar activament de la xerrada.<\/p>\n<div class=\"slideshow_container slideshow_container_style-light\" style=\"height: 300px; \" data-slideshow-id=\"2889\" data-style-name=\"style-light\" data-style-version=\"2.3.1\" >\n<div class=\"slideshow_loading_icon\"><\/div>\n<div class=\"slideshow_content\" style=\"display: none;\">\n<div class=\"slideshow_view\">\n<div class=\"slideshow_slide slideshow_slide_image\">\n\t\t\t\t\t\t\t\t\t\t\t<img loading=\"lazy\" decoding=\"async\" src=\"https:\/\/agora.xtec.cat\/cfasalvadordali\/wp-content\/uploads\/usu363\/2024\/04\/Carme-4-scaled.jpg\" alt=\"Carme 4\" width=\"2560\" height=\"1920\" \/><\/p>\n<div class=\"slideshow_description_box slideshow_transparent\">\n\t\t\t\t\t\t\t\t\t\t\t\t\t\t\t\t\t<\/div>\n<\/p><\/div>\n<div style=\"clear: both;\"><\/div>\n<\/div>\n<div class=\"slideshow_view\">\n<div class=\"slideshow_slide slideshow_slide_image\">\n\t\t\t\t\t\t\t\t\t\t\t<img loading=\"lazy\" decoding=\"async\" src=\"https:\/\/agora.xtec.cat\/cfasalvadordali\/wp-content\/uploads\/usu363\/2024\/04\/Carme-5-scaled.jpg\" alt=\"Carme 5\" width=\"2560\" height=\"2094\" \/><\/p>\n<div class=\"slideshow_description_box slideshow_transparent\">\n\t\t\t\t\t\t\t\t\t\t\t\t\t\t\t\t\t<\/div>\n<\/p><\/div>\n<div style=\"clear: both;\"><\/div>\n<\/div>\n<div class=\"slideshow_view\">\n<div class=\"slideshow_slide slideshow_slide_image\">\n\t\t\t\t\t\t\t\t\t\t\t<img loading=\"lazy\" decoding=\"async\" src=\"https:\/\/agora.xtec.cat\/cfasalvadordali\/wp-content\/uploads\/usu363\/2024\/04\/Carme-3-1-scaled.jpg\" alt=\"Carme 3\" width=\"1920\" height=\"2560\" \/><\/p>\n<div class=\"slideshow_description_box slideshow_transparent\">\n\t\t\t\t\t\t\t\t\t\t\t\t\t\t\t\t\t<\/div>\n<\/p><\/div>\n<div style=\"clear: both;\"><\/div>\n<\/div><\/div>\n<div class=\"slideshow_controlPanel slideshow_transparent\" style=\"display: none;\">\n<ul>\n<li class=\"slideshow_togglePlay\" data-play-text=\"Visualitza\" data-pause-text=\"Pausa\"><\/li>\n<\/ul>\n<\/div>\n<div class=\"slideshow_button slideshow_previous slideshow_transparent\" role=\"button\" data-previous-text=\"Anterior\" style=\"display: none;\"><\/div>\n<div class=\"slideshow_button slideshow_next slideshow_transparent\" role=\"button\" data-next-text=\"Seg\u00fcent\" style=\"display: none;\"><\/div>\n<div class=\"slideshow_pagination\" style=\"display: none;\" data-go-to-text=\"V\u00e9s a la diapositiva\">\n<div class=\"slideshow_pagination_center\"><\/div>\n<\/div>\n<p>\t\t<!-- WordPress Slideshow Version 2.3.1 --><\/p><\/div><\/p>\n","protected":false},"excerpt":{"rendered":"<p>Des de projectes en catal\u00e0 als m\u00f2duls el passat dimecres 10 d&#8217;abril, els alumnes del MR-3,\u00a0 vam explicar als alumnes de catal\u00e0 de les 9 del mat\u00ed de la Virginia, la feina feta partint de la lectura dels poemes de Pablo Has\u00e9l. Va ser una&hellip;  <a href=\"https:\/\/agora.xtec.cat\/cfasalvadordali\/general\/els-alumnes-de-modul-a-larea-educativa\/\" title=\"Read ELS ALUMNES DE M\u00d2DUL A L&#8217;\u00c0REA EDUCATIVA\">Llegeix m\u00e9s\u00bb<\/a><\/p>\n","protected":false},"author":1,"featured_media":0,"comment_status":"open","ping_status":"closed","sticky":false,"template":"","format":"standard","meta":{"_bbp_topic_count":0,"_bbp_reply_count":0,"_bbp_total_topic_count":0,"_bbp_total_reply_count":0,"_bbp_voice_count":0,"_bbp_anonymous_reply_count":0,"_bbp_topic_count_hidden":0,"_bbp_reply_count_hidden":0,"_bbp_forum_subforum_count":0,"footnotes":""},"categories":[1],"tags":[],"class_list":["post-2880","post","type-post","status-publish","format-standard","hentry","category-general"],"post_mailing_queue_ids":[],"_links":{"self":[{"href":"https:\/\/agora.xtec.cat\/cfasalvadordali\/wp-json\/wp\/v2\/posts\/2880","targetHints":{"allow":["GET"]}}],"collection":[{"href":"https:\/\/agora.xtec.cat\/cfasalvadordali\/wp-json\/wp\/v2\/posts"}],"about":[{"href":"https:\/\/agora.xtec.cat\/cfasalvadordali\/wp-json\/wp\/v2\/types\/post"}],"author":[{"embeddable":true,"href":"https:\/\/agora.xtec.cat\/cfasalvadordali\/wp-json\/wp\/v2\/users\/1"}],"replies":[{"embeddable":true,"href":"https:\/\/agora.xtec.cat\/cfasalvadordali\/wp-json\/wp\/v2\/comments?post=2880"}],"version-history":[{"count":4,"href":"https:\/\/agora.xtec.cat\/cfasalvadordali\/wp-json\/wp\/v2\/posts\/2880\/revisions"}],"predecessor-version":[{"id":3578,"href":"https:\/\/agora.xtec.cat\/cfasalvadordali\/wp-json\/wp\/v2\/posts\/2880\/revisions\/3578"}],"wp:attachment":[{"href":"https:\/\/agora.xtec.cat\/cfasalvadordali\/wp-json\/wp\/v2\/media?parent=2880"}],"wp:term":[{"taxonomy":"category","embeddable":true,"href":"https:\/\/agora.xtec.cat\/cfasalvadordali\/wp-json\/wp\/v2\/categories?post=2880"},{"taxonomy":"post_tag","embeddable":true,"href":"https:\/\/agora.xtec.cat\/cfasalvadordali\/wp-json\/wp\/v2\/tags?post=2880"}],"curies":[{"name":"wp","href":"https:\/\/api.w.org\/{rel}","templated":true}]}}