{"id":2854,"date":"2024-04-11T16:52:44","date_gmt":"2024-04-11T14:52:44","guid":{"rendered":"https:\/\/agora.xtec.cat\/cfasalvadordali\/?p=2854"},"modified":"2025-02-18T12:30:27","modified_gmt":"2025-02-18T11:30:27","slug":"viatgem","status":"publish","type":"post","link":"https:\/\/agora.xtec.cat\/cfasalvadordali\/portada\/viatgem\/","title":{"rendered":"VIATGEM"},"content":{"rendered":"<p><strong>A qui no li agrada con\u00e8ixer els indrets m\u00e9s bonics del nostre planeta?<\/strong><\/p>\n<p>Durant els mesos de febrer i mar\u00e7 els grups de Formaci\u00f3 Instrumental 3\/4 hem fet una <strong>volta pel m\u00f3n<\/strong>. Primer, vam anar a l&#8217;espai exterior, vam visitar la Via L\u00e0ctia\u00a0i el Sistema\u00a0Solar i d&#8217;aqu\u00ed vam agafar un coet en direcci\u00f3 a la Terra. Hem navegat pels oceans i mars, hem travessat continents i hem admirat les meravelles d&#8217;alguns pa\u00efsos. En aquest viatge, hem conegut la hist\u00f2ria\u00a0de vida de quatre nenes i nens de diferents pa\u00efsos visualitzant\u00a0el documental\u00a0&#8220;Cam\u00ed a l&#8217;escola&#8221;. La part final del viatge ha consistit en la realitzaci\u00f3 d&#8217;un mapa mundi\u00a0on l&#8217;alumnat han fet les descripcions de monuments tan emblem\u00e0tics com la Torre Eiffel, les catarates del Ni\u00e0gara, el Taj Mahal, la Gran Muralla Xinesa, la Sagrada Fam\u00edlia, els Moais de la illa de Pasqua&#8230; i aix\u00ed fins a vint-i-quatre meravelles.<\/p>\n<div class=\"slideshow_container slideshow_container_style-light\" style=\" \" data-slideshow-id=\"2873\" data-style-name=\"style-light\" data-style-version=\"2.3.1\" >\n<div class=\"slideshow_loading_icon\"><\/div>\n<div class=\"slideshow_content\" style=\"display: none;\">\n<div class=\"slideshow_view\">\n<div style=\"clear: both;\"><\/div>\n<\/div>\n<div class=\"slideshow_view\">\n<div style=\"clear: both;\"><\/div>\n<\/div>\n<div class=\"slideshow_view\">\n<div style=\"clear: both;\"><\/div>\n<\/div>\n<div class=\"slideshow_view\">\n<div style=\"clear: both;\"><\/div>\n<\/div><\/div>\n<div class=\"slideshow_controlPanel slideshow_transparent\" style=\"display: none;\">\n<ul>\n<li class=\"slideshow_togglePlay\" data-play-text=\"Visualitza\" data-pause-text=\"Pausa\"><\/li>\n<\/ul>\n<\/div>\n<div class=\"slideshow_button slideshow_previous slideshow_transparent\" role=\"button\" data-previous-text=\"Anterior\" style=\"display: none;\"><\/div>\n<div class=\"slideshow_button slideshow_next slideshow_transparent\" role=\"button\" data-next-text=\"Seg\u00fcent\" style=\"display: none;\"><\/div>\n<div class=\"slideshow_pagination\" style=\"display: none;\" data-go-to-text=\"V\u00e9s a la diapositiva\">\n<div class=\"slideshow_pagination_center\"><\/div>\n<\/div>\n<p>\t\t<!-- WordPress Slideshow Version 2.3.1 --><\/p><\/div>\n<p>&nbsp;<\/p>\n","protected":false},"excerpt":{"rendered":"<p>A qui no li agrada con\u00e8ixer els indrets m\u00e9s bonics del nostre planeta?<br \/>\nDurant els mesos de febrer i mar\u00e7 els grups de Formaci\u00f3 Instrumental 3\/4 hem fet una volta pel m\u00f3n. Primer, vam anar a l&#8217;espai exterior, vam visitar la Via L\u00e0ctia\u00a0i el Sistema\u00a0Solar i&hellip;  <a href=\"https:\/\/agora.xtec.cat\/cfasalvadordali\/portada\/viatgem\/\" title=\"Read VIATGEM\">Llegeix m\u00e9s\u00bb<\/a><\/p>\n","protected":false},"author":1,"featured_media":0,"comment_status":"open","ping_status":"closed","sticky":false,"template":"","format":"standard","meta":{"_bbp_topic_count":0,"_bbp_reply_count":0,"_bbp_total_topic_count":0,"_bbp_total_reply_count":0,"_bbp_voice_count":0,"_bbp_anonymous_reply_count":0,"_bbp_topic_count_hidden":0,"_bbp_reply_count_hidden":0,"_bbp_forum_subforum_count":0,"footnotes":""},"categories":[95,29],"tags":[],"class_list":["post-2854","post","type-post","status-publish","format-standard","hentry","category-fi3","category-portada"],"post_mailing_queue_ids":[],"_links":{"self":[{"href":"https:\/\/agora.xtec.cat\/cfasalvadordali\/wp-json\/wp\/v2\/posts\/2854","targetHints":{"allow":["GET"]}}],"collection":[{"href":"https:\/\/agora.xtec.cat\/cfasalvadordali\/wp-json\/wp\/v2\/posts"}],"about":[{"href":"https:\/\/agora.xtec.cat\/cfasalvadordali\/wp-json\/wp\/v2\/types\/post"}],"author":[{"embeddable":true,"href":"https:\/\/agora.xtec.cat\/cfasalvadordali\/wp-json\/wp\/v2\/users\/1"}],"replies":[{"embeddable":true,"href":"https:\/\/agora.xtec.cat\/cfasalvadordali\/wp-json\/wp\/v2\/comments?post=2854"}],"version-history":[{"count":6,"href":"https:\/\/agora.xtec.cat\/cfasalvadordali\/wp-json\/wp\/v2\/posts\/2854\/revisions"}],"predecessor-version":[{"id":3577,"href":"https:\/\/agora.xtec.cat\/cfasalvadordali\/wp-json\/wp\/v2\/posts\/2854\/revisions\/3577"}],"wp:attachment":[{"href":"https:\/\/agora.xtec.cat\/cfasalvadordali\/wp-json\/wp\/v2\/media?parent=2854"}],"wp:term":[{"taxonomy":"category","embeddable":true,"href":"https:\/\/agora.xtec.cat\/cfasalvadordali\/wp-json\/wp\/v2\/categories?post=2854"},{"taxonomy":"post_tag","embeddable":true,"href":"https:\/\/agora.xtec.cat\/cfasalvadordali\/wp-json\/wp\/v2\/tags?post=2854"}],"curies":[{"name":"wp","href":"https:\/\/api.w.org\/{rel}","templated":true}]}}