{"id":2848,"date":"2024-03-21T14:45:35","date_gmt":"2024-03-21T13:45:35","guid":{"rendered":"https:\/\/agora.xtec.cat\/cfasalvadordali\/?p=2848"},"modified":"2025-02-18T12:30:17","modified_gmt":"2025-02-18T11:30:17","slug":"dia-mundial-de-les-llengues-maternes-2","status":"publish","type":"post","link":"https:\/\/agora.xtec.cat\/cfasalvadordali\/portada\/dia-mundial-de-les-llengues-maternes-2\/","title":{"rendered":"DIA MUNDIAL DE LES LLENG\u00dcES MATERNES"},"content":{"rendered":"<p style=\"text-align: justify;\">Ja hem celebrat aquest dia, ja hem fet el test i hem jugat al JOC de les pilotes per recordar quines s\u00f3n les lleng\u00fces rom\u00e0niques.\u00a0 S\u00f3n 6 els guanyadors que han OBTINGUT uns auriculars com a premi. FELICITATS A TOTS ELLS i gr\u00e0cies a tot l&#8217;alumnat\u00a0 per la gran participaci\u00f3.<\/p>\n<p><a href=\"https:\/\/agora.xtec.cat\/cfasalvadordali\/wp-content\/uploads\/usu363\/2024\/03\/111.png\"><img loading=\"lazy\" decoding=\"async\" class=\"aligncenter wp-image-2850 size-medium\" src=\"https:\/\/agora.xtec.cat\/cfasalvadordali\/wp-content\/uploads\/usu363\/2024\/03\/111-222x300.png\" alt=\"\" width=\"222\" height=\"300\" srcset=\"https:\/\/agora.xtec.cat\/cfasalvadordali\/wp-content\/uploads\/usu363\/2024\/03\/111-222x300.png 222w, https:\/\/agora.xtec.cat\/cfasalvadordali\/wp-content\/uploads\/usu363\/2024\/03\/111.png 579w\" sizes=\"auto, (max-width: 222px) 100vw, 222px\" \/><\/a><\/p>\n","protected":false},"excerpt":{"rendered":"<p>Ja hem celebrat aquest dia, ja hem fet el test i hem jugat al JOC de les pilotes per recordar quines s\u00f3n les lleng\u00fces rom\u00e0niques.\u00a0 S\u00f3n 6 els guanyadors que han OBTINGUT uns auriculars com a premi. FELICITATS A TOTS ELLS i gr\u00e0cies a tot&hellip;  <a href=\"https:\/\/agora.xtec.cat\/cfasalvadordali\/portada\/dia-mundial-de-les-llengues-maternes-2\/\" title=\"Read DIA MUNDIAL DE LES LLENG\u00dcES MATERNES\">Llegeix m\u00e9s\u00bb<\/a><\/p>\n","protected":false},"author":54,"featured_media":2851,"comment_status":"open","ping_status":"closed","sticky":false,"template":"","format":"standard","meta":{"_bbp_topic_count":0,"_bbp_reply_count":0,"_bbp_total_topic_count":0,"_bbp_total_reply_count":0,"_bbp_voice_count":0,"_bbp_anonymous_reply_count":0,"_bbp_topic_count_hidden":0,"_bbp_reply_count_hidden":0,"_bbp_forum_subforum_count":0,"footnotes":""},"categories":[205,29],"tags":[],"class_list":["post-2848","post","type-post","status-publish","format-standard","has-post-thumbnail","hentry","category-llengues","category-portada"],"post_mailing_queue_ids":[],"_links":{"self":[{"href":"https:\/\/agora.xtec.cat\/cfasalvadordali\/wp-json\/wp\/v2\/posts\/2848","targetHints":{"allow":["GET"]}}],"collection":[{"href":"https:\/\/agora.xtec.cat\/cfasalvadordali\/wp-json\/wp\/v2\/posts"}],"about":[{"href":"https:\/\/agora.xtec.cat\/cfasalvadordali\/wp-json\/wp\/v2\/types\/post"}],"author":[{"embeddable":true,"href":"https:\/\/agora.xtec.cat\/cfasalvadordali\/wp-json\/wp\/v2\/users\/54"}],"replies":[{"embeddable":true,"href":"https:\/\/agora.xtec.cat\/cfasalvadordali\/wp-json\/wp\/v2\/comments?post=2848"}],"version-history":[{"count":4,"href":"https:\/\/agora.xtec.cat\/cfasalvadordali\/wp-json\/wp\/v2\/posts\/2848\/revisions"}],"predecessor-version":[{"id":3576,"href":"https:\/\/agora.xtec.cat\/cfasalvadordali\/wp-json\/wp\/v2\/posts\/2848\/revisions\/3576"}],"wp:featuredmedia":[{"embeddable":true,"href":"https:\/\/agora.xtec.cat\/cfasalvadordali\/wp-json\/wp\/v2\/media\/2851"}],"wp:attachment":[{"href":"https:\/\/agora.xtec.cat\/cfasalvadordali\/wp-json\/wp\/v2\/media?parent=2848"}],"wp:term":[{"taxonomy":"category","embeddable":true,"href":"https:\/\/agora.xtec.cat\/cfasalvadordali\/wp-json\/wp\/v2\/categories?post=2848"},{"taxonomy":"post_tag","embeddable":true,"href":"https:\/\/agora.xtec.cat\/cfasalvadordali\/wp-json\/wp\/v2\/tags?post=2848"}],"curies":[{"name":"wp","href":"https:\/\/api.w.org\/{rel}","templated":true}]}}