{"id":2840,"date":"2024-03-19T12:29:52","date_gmt":"2024-03-19T11:29:52","guid":{"rendered":"https:\/\/agora.xtec.cat\/cfasalvadordali\/?p=2840"},"modified":"2025-02-18T12:30:09","modified_gmt":"2025-02-18T11:30:09","slug":"des-de-la-finestra-de-la-cel%c2%b7la","status":"publish","type":"post","link":"https:\/\/agora.xtec.cat\/cfasalvadordali\/portada\/des-de-la-finestra-de-la-cel%c2%b7la\/","title":{"rendered":"DES DE LA FINESTRA DE LA CEL\u00b7LA"},"content":{"rendered":"<p style=\"text-align: center;\"><a href=\"https:\/\/agora.xtec.cat\/cfasalvadordali\/wp-content\/uploads\/usu363\/2024\/03\/cel.la_.png\"><img loading=\"lazy\" decoding=\"async\" class=\"alignnone size-full wp-image-2841\" src=\"https:\/\/agora.xtec.cat\/cfasalvadordali\/wp-content\/uploads\/usu363\/2024\/03\/cel.la_.png\" alt=\"\" width=\"750\" height=\"400\" srcset=\"https:\/\/agora.xtec.cat\/cfasalvadordali\/wp-content\/uploads\/usu363\/2024\/03\/cel.la_.png 750w, https:\/\/agora.xtec.cat\/cfasalvadordali\/wp-content\/uploads\/usu363\/2024\/03\/cel.la_-300x160.png 300w\" sizes=\"auto, (max-width: 750px) 100vw, 750px\" \/><\/a><\/p>\n<p>Els alumnes de GESO1 a llengua catalana hem estat treballant el text descriptiu des de les seves m\u00faltiples vessants. En aquest cas us compartim una descripci\u00f3 amb una mirada subjectiva i testimonial sobre all\u00f2 que es veu des de la finestra de la cel\u00b7la. Esperem que us agradi i us arribin els sentiments i emocions que se&#8217;n desprenen.<\/p>\n<p style=\"font-weight: 400;\"><strong><em>Cada mat\u00ed quan miro per la finestra de la meva cel\u00b7la veig un grapat d\u2019imatges que em fan tremolar l\u2019\u00e0nima. Veig un cel normalment ser\u00e9, blau i molt net que em fa enyorar la llibertat per la seva amplitud infinita que ning\u00fa pot atrapar i s\u2019escapa entre els dits de la ma.<br \/>\n<\/em><\/strong><\/p>\n<p style=\"font-weight: 400;\"><strong><em>Al fons, molt allunyades, puc veure unes muntanyes una mica nevades. Dif\u00edcilment les puc distingir per\u00f2 em recorden l\u2019\u00e8poca en qu\u00e8 estem, la primavera, i em fan trobar a faltar trepitjar la seva terra i la seva roca sense la pressa de la ciutat.<\/em><\/strong><\/p>\n<p style=\"font-weight: 400;\"><strong><em>Tamb\u00e9, alguns moments del dia, veig un tren que no importa on va per\u00f2 em transporta lluny d\u2019aquesta pres\u00f3, d\u2019aquesta tirania que m\u2019oprimeix el cor dins el pit.<\/em><\/strong><\/p>\n<p style=\"font-weight: 400;\"><strong><em>Puc veure una autopista carregada d\u2019autom\u00f2bils. La circulaci\u00f3 \u00e9s molt densa i de vegades semblen formigues que es dirigeixen cap al seu niu. Per\u00f2 m\u2019agrada m\u00e9s de nit quan els llums parpellegen, venen i van. S\u00f3n els llums que em fan viatjar fora d\u2019aquests murs.<\/em><\/strong><\/p>\n<p style=\"font-weight: 400;\"><strong><em>He viscut a l\u2019altre costat del m\u00f2dul. All\u00e0 sols podia veure un mur. Quasi cinc o sis metres de mur que em feien encongir l\u2019\u00e0nima. Porto anys a la pres\u00f3 per\u00f2 no hi soc. Miri des de la finestra que miri la meva voluntat i el meu esperit no hi s\u00f3n. Pertanyen a totes les coses i gent que estimo.<\/em><\/strong><\/p>\n<p style=\"font-weight: 400;\">Autor: Pere<\/p>\n","protected":false},"excerpt":{"rendered":"<p><a href=\"https:\/\/agora.xtec.cat\/cfasalvadordali\/wp-content\/uploads\/usu363\/2024\/03\/cel.la_.png\"><\/a><br \/>\nEls alumnes de GESO1 a llengua catalana hem estat treballant el text descriptiu des de les seves m\u00faltiples vessants. En aquest cas us compartim una descripci\u00f3 amb una mirada subjectiva i testimonial sobre all\u00f2 que es veu des de la finestra de la cel\u00b7la.&hellip;  <a href=\"https:\/\/agora.xtec.cat\/cfasalvadordali\/portada\/des-de-la-finestra-de-la-cel%c2%b7la\/\" title=\"Read DES DE LA FINESTRA DE LA CEL\u00b7LA\">Llegeix m\u00e9s\u00bb<\/a><\/p>\n","protected":false},"author":1,"featured_media":2841,"comment_status":"open","ping_status":"closed","sticky":false,"template":"","format":"standard","meta":{"_bbp_topic_count":0,"_bbp_reply_count":0,"_bbp_total_topic_count":0,"_bbp_total_reply_count":0,"_bbp_voice_count":0,"_bbp_anonymous_reply_count":0,"_bbp_topic_count_hidden":0,"_bbp_reply_count_hidden":0,"_bbp_forum_subforum_count":0,"footnotes":""},"categories":[84,85,29],"tags":[],"class_list":["post-2840","post","type-post","status-publish","format-standard","has-post-thumbnail","hentry","category-ges1","category-geso","category-portada"],"post_mailing_queue_ids":[],"_links":{"self":[{"href":"https:\/\/agora.xtec.cat\/cfasalvadordali\/wp-json\/wp\/v2\/posts\/2840","targetHints":{"allow":["GET"]}}],"collection":[{"href":"https:\/\/agora.xtec.cat\/cfasalvadordali\/wp-json\/wp\/v2\/posts"}],"about":[{"href":"https:\/\/agora.xtec.cat\/cfasalvadordali\/wp-json\/wp\/v2\/types\/post"}],"author":[{"embeddable":true,"href":"https:\/\/agora.xtec.cat\/cfasalvadordali\/wp-json\/wp\/v2\/users\/1"}],"replies":[{"embeddable":true,"href":"https:\/\/agora.xtec.cat\/cfasalvadordali\/wp-json\/wp\/v2\/comments?post=2840"}],"version-history":[{"count":4,"href":"https:\/\/agora.xtec.cat\/cfasalvadordali\/wp-json\/wp\/v2\/posts\/2840\/revisions"}],"predecessor-version":[{"id":3575,"href":"https:\/\/agora.xtec.cat\/cfasalvadordali\/wp-json\/wp\/v2\/posts\/2840\/revisions\/3575"}],"wp:featuredmedia":[{"embeddable":true,"href":"https:\/\/agora.xtec.cat\/cfasalvadordali\/wp-json\/wp\/v2\/media\/2841"}],"wp:attachment":[{"href":"https:\/\/agora.xtec.cat\/cfasalvadordali\/wp-json\/wp\/v2\/media?parent=2840"}],"wp:term":[{"taxonomy":"category","embeddable":true,"href":"https:\/\/agora.xtec.cat\/cfasalvadordali\/wp-json\/wp\/v2\/categories?post=2840"},{"taxonomy":"post_tag","embeddable":true,"href":"https:\/\/agora.xtec.cat\/cfasalvadordali\/wp-json\/wp\/v2\/tags?post=2840"}],"curies":[{"name":"wp","href":"https:\/\/api.w.org\/{rel}","templated":true}]}}