{"id":2787,"date":"2024-03-11T07:44:59","date_gmt":"2024-03-11T06:44:59","guid":{"rendered":"https:\/\/agora.xtec.cat\/cfasalvadordali\/?p=2787"},"modified":"2025-02-18T12:29:17","modified_gmt":"2025-02-18T11:29:17","slug":"el-grup-impulsor-es-segueix-formant-al-manac","status":"publish","type":"post","link":"https:\/\/agora.xtec.cat\/cfasalvadordali\/portada\/el-grup-impulsor-es-segueix-formant-al-manac\/","title":{"rendered":"EL GRUP IMPULSOR ES SEGUEIX FORMANT AL MNAC"},"content":{"rendered":"<p>El dimecres 6 de mar\u00e7 dos dels docents del nostre centre educatiu, en Llu\u00eds i en David, van participar d&#8217;una formaci\u00f3 en estrat\u00e8gies de pensament visual (VTS) dins del Programa d&#8217;Innovaci\u00f3 Pedag\u00f2gica\u00a0<i>L&#8217;Art de parlar<\/i>. \u00c9s el tercer any que com a escola formem part d&#8217;aquest programa, tot i que aquesta metodologia t\u00e9 una mica m\u00e9s d&#8217;hist\u00f2ria i recorregut dins de la nostra l\u00ednia pedag\u00f2gica.<\/p>\n<div>\n<figure class=\"figure wp-caption aligncenter\"><a href=\"https:\/\/agora.xtec.cat\/cfasalvadordali\/wp-content\/uploads\/usu363\/2024\/03\/IMG_4453-scaled.jpeg\"><img loading=\"lazy\" decoding=\"async\" class=\"size-medium wp-image-2786\" src=\"https:\/\/agora.xtec.cat\/cfasalvadordali\/wp-content\/uploads\/usu363\/2024\/03\/IMG_4453-300x208.jpeg\" alt=\"\" width=\"300\" height=\"208\" srcset=\"https:\/\/agora.xtec.cat\/cfasalvadordali\/wp-content\/uploads\/usu363\/2024\/03\/IMG_4453-300x208.jpeg 300w, https:\/\/agora.xtec.cat\/cfasalvadordali\/wp-content\/uploads\/usu363\/2024\/03\/IMG_4453-1024x709.jpeg 1024w, https:\/\/agora.xtec.cat\/cfasalvadordali\/wp-content\/uploads\/usu363\/2024\/03\/IMG_4453-768x532.jpeg 768w, https:\/\/agora.xtec.cat\/cfasalvadordali\/wp-content\/uploads\/usu363\/2024\/03\/IMG_4453-1536x1063.jpeg 1536w, https:\/\/agora.xtec.cat\/cfasalvadordali\/wp-content\/uploads\/usu363\/2024\/03\/IMG_4453-2048x1418.jpeg 2048w\" sizes=\"auto, (max-width: 300px) 100vw, 300px\" \/><\/a><figcaption class=\"wp-caption-text\">Aquest passat dimecres la formaci\u00f3 es va dur a terme al Museu Nacional d&#8217;Art de Catalunya (MNAC), i en Llu\u00eds va facilitar una obra complexa, amb molt de contingut hist\u00f2ric, que va generar un di\u00e0leg col\u00b7lectiu profund. A la fotografia el podeu veure en plena acci\u00f3.<\/figcaption><\/figure>\n<\/div>\n<div><\/div>\n","protected":false},"excerpt":{"rendered":"<p>El dimecres 6 de mar\u00e7 dos dels docents del nostre centre educatiu, en Llu\u00eds i en David, van participar d&#8217;una formaci\u00f3 en estrat\u00e8gies de pensament visual (VTS) dins del Programa d&#8217;Innovaci\u00f3 Pedag\u00f2gica\u00a0L&#8217;Art de parlar. \u00c9s el tercer any que com a escola formem part d&#8217;aquest&hellip;  <a href=\"https:\/\/agora.xtec.cat\/cfasalvadordali\/portada\/el-grup-impulsor-es-segueix-formant-al-manac\/\" title=\"Read EL GRUP IMPULSOR ES SEGUEIX FORMANT AL MNAC\">Llegeix m\u00e9s\u00bb<\/a><\/p>\n","protected":false},"author":54,"featured_media":2786,"comment_status":"open","ping_status":"closed","sticky":false,"template":"","format":"standard","meta":{"_bbp_topic_count":0,"_bbp_reply_count":0,"_bbp_total_topic_count":0,"_bbp_total_reply_count":0,"_bbp_voice_count":0,"_bbp_anonymous_reply_count":0,"_bbp_topic_count_hidden":0,"_bbp_reply_count_hidden":0,"_bbp_forum_subforum_count":0,"footnotes":""},"categories":[205,29],"tags":[],"class_list":["post-2787","post","type-post","status-publish","format-standard","has-post-thumbnail","hentry","category-llengues","category-portada"],"post_mailing_queue_ids":[],"_links":{"self":[{"href":"https:\/\/agora.xtec.cat\/cfasalvadordali\/wp-json\/wp\/v2\/posts\/2787","targetHints":{"allow":["GET"]}}],"collection":[{"href":"https:\/\/agora.xtec.cat\/cfasalvadordali\/wp-json\/wp\/v2\/posts"}],"about":[{"href":"https:\/\/agora.xtec.cat\/cfasalvadordali\/wp-json\/wp\/v2\/types\/post"}],"author":[{"embeddable":true,"href":"https:\/\/agora.xtec.cat\/cfasalvadordali\/wp-json\/wp\/v2\/users\/54"}],"replies":[{"embeddable":true,"href":"https:\/\/agora.xtec.cat\/cfasalvadordali\/wp-json\/wp\/v2\/comments?post=2787"}],"version-history":[{"count":4,"href":"https:\/\/agora.xtec.cat\/cfasalvadordali\/wp-json\/wp\/v2\/posts\/2787\/revisions"}],"predecessor-version":[{"id":3570,"href":"https:\/\/agora.xtec.cat\/cfasalvadordali\/wp-json\/wp\/v2\/posts\/2787\/revisions\/3570"}],"wp:featuredmedia":[{"embeddable":true,"href":"https:\/\/agora.xtec.cat\/cfasalvadordali\/wp-json\/wp\/v2\/media\/2786"}],"wp:attachment":[{"href":"https:\/\/agora.xtec.cat\/cfasalvadordali\/wp-json\/wp\/v2\/media?parent=2787"}],"wp:term":[{"taxonomy":"category","embeddable":true,"href":"https:\/\/agora.xtec.cat\/cfasalvadordali\/wp-json\/wp\/v2\/categories?post=2787"},{"taxonomy":"post_tag","embeddable":true,"href":"https:\/\/agora.xtec.cat\/cfasalvadordali\/wp-json\/wp\/v2\/tags?post=2787"}],"curies":[{"name":"wp","href":"https:\/\/api.w.org\/{rel}","templated":true}]}}