{"id":2779,"date":"2024-03-07T13:45:31","date_gmt":"2024-03-07T12:45:31","guid":{"rendered":"https:\/\/agora.xtec.cat\/cfasalvadordali\/?p=2779"},"modified":"2025-02-18T12:29:07","modified_gmt":"2025-02-18T11:29:07","slug":"dia-de-la-dona-8-de-marc","status":"publish","type":"post","link":"https:\/\/agora.xtec.cat\/cfasalvadordali\/general\/dia-de-la-dona-8-de-marc\/","title":{"rendered":"DIA DE LA DONA-8 DE MAR\u00c7"},"content":{"rendered":"<p>Els alumnes dels diferents grups de competic han volgut homenatjar les dones mitjan\u00e7ant aquests treballs gr\u00e0fics i de processador de text que commemoren el dia de la dona aquest 8 de mar\u00e7.<\/p>\n<p><a href=\"https:\/\/prezi.com\/view\/n2LRITL56arzpJlBgPlU\/\" target=\"_blank\" rel=\"noopener\">Presentaci\u00f3 dia de la dona<\/a><\/p>\n<p>Esperem que us agradin i des d&#8217;aqu\u00ed ens solidaritzem amb totes les reivindicacions justes de les dones.<\/p>\n<p>Alumnes dels estudis de competic.<\/p>\n","protected":false},"excerpt":{"rendered":"<p>Els alumnes dels diferents grups de competic han volgut homenatjar les dones mitjan\u00e7ant aquests treballs gr\u00e0fics i de processador de text que commemoren el dia de la dona aquest 8 de mar\u00e7.<br \/>\n<a href=\"https:\/\/prezi.com\/view\/n2LRITL56arzpJlBgPlU\/\" target=\"_blank\" rel=\"noopener\">Presentaci\u00f3 dia de la dona<\/a><br \/>\nEsperem que us agradin i des d&#8217;aqu\u00ed&hellip;  <a href=\"https:\/\/agora.xtec.cat\/cfasalvadordali\/general\/dia-de-la-dona-8-de-marc\/\" title=\"Read DIA DE LA DONA-8 DE MAR\u00c7\">Llegeix m\u00e9s\u00bb<\/a><\/p>\n","protected":false},"author":1,"featured_media":2782,"comment_status":"open","ping_status":"closed","sticky":false,"template":"","format":"standard","meta":{"_bbp_topic_count":0,"_bbp_reply_count":0,"_bbp_total_topic_count":0,"_bbp_total_reply_count":0,"_bbp_voice_count":0,"_bbp_anonymous_reply_count":0,"_bbp_topic_count_hidden":0,"_bbp_reply_count_hidden":0,"_bbp_forum_subforum_count":0,"footnotes":""},"categories":[96,88,91,92,89,90,1,29],"tags":[],"class_list":["post-2779","post","type-post","status-publish","format-standard","has-post-thumbnail","hentry","category-activitats-culturals","category-competic","category-competic-inicial","category-competic-pre-inicial","category-competic1","category-competic2","category-general","category-portada"],"post_mailing_queue_ids":[],"_links":{"self":[{"href":"https:\/\/agora.xtec.cat\/cfasalvadordali\/wp-json\/wp\/v2\/posts\/2779","targetHints":{"allow":["GET"]}}],"collection":[{"href":"https:\/\/agora.xtec.cat\/cfasalvadordali\/wp-json\/wp\/v2\/posts"}],"about":[{"href":"https:\/\/agora.xtec.cat\/cfasalvadordali\/wp-json\/wp\/v2\/types\/post"}],"author":[{"embeddable":true,"href":"https:\/\/agora.xtec.cat\/cfasalvadordali\/wp-json\/wp\/v2\/users\/1"}],"replies":[{"embeddable":true,"href":"https:\/\/agora.xtec.cat\/cfasalvadordali\/wp-json\/wp\/v2\/comments?post=2779"}],"version-history":[{"count":5,"href":"https:\/\/agora.xtec.cat\/cfasalvadordali\/wp-json\/wp\/v2\/posts\/2779\/revisions"}],"predecessor-version":[{"id":3569,"href":"https:\/\/agora.xtec.cat\/cfasalvadordali\/wp-json\/wp\/v2\/posts\/2779\/revisions\/3569"}],"wp:featuredmedia":[{"embeddable":true,"href":"https:\/\/agora.xtec.cat\/cfasalvadordali\/wp-json\/wp\/v2\/media\/2782"}],"wp:attachment":[{"href":"https:\/\/agora.xtec.cat\/cfasalvadordali\/wp-json\/wp\/v2\/media?parent=2779"}],"wp:term":[{"taxonomy":"category","embeddable":true,"href":"https:\/\/agora.xtec.cat\/cfasalvadordali\/wp-json\/wp\/v2\/categories?post=2779"},{"taxonomy":"post_tag","embeddable":true,"href":"https:\/\/agora.xtec.cat\/cfasalvadordali\/wp-json\/wp\/v2\/tags?post=2779"}],"curies":[{"name":"wp","href":"https:\/\/api.w.org\/{rel}","templated":true}]}}