{"id":2756,"date":"2024-02-29T10:26:40","date_gmt":"2024-02-29T09:26:40","guid":{"rendered":"https:\/\/agora.xtec.cat\/cfasalvadordali\/?p=2756"},"modified":"2025-02-18T12:28:57","modified_gmt":"2025-02-18T11:28:57","slug":"minuts-poetics-amb-textos-de-joan-brossa","status":"publish","type":"post","link":"https:\/\/agora.xtec.cat\/cfasalvadordali\/general\/minuts-poetics-amb-textos-de-joan-brossa\/","title":{"rendered":"MINUTS PO\u00c8TICS AMB POEMES DE JOAN BROSSA"},"content":{"rendered":"<p style=\"text-align: justify;\">En el marc del projecte de foment de la lectura que estem duent a terme amb els alumnes de GES 1 de llengua catalana, &#8220;Minuts po\u00e8tics&#8221;, aquesta darrera setmana hem estat treballant l&#8217;obra po\u00e8tica avantguardista de Joan Brossa. A partir del treball d&#8217;elements propis de la seva obra com la ironia, l&#8217;associaci\u00f3, la descontextualitzaci\u00f3 o el ref\u00fas de la diferenciaci\u00f3 entre paraula i objecte, hem explorat el m\u00f3n de la poesia visual, en honor a l&#8217;autor com a un dels primers defensors d&#8217;aquesta expressi\u00f3 art\u00edstica a la literatura catalana.<\/p>\n<p style=\"text-align: justify;\">Aquestes s\u00f3n algunes de les poesies visuals que hem elaborat els alumnes de manera individual o col\u00b7lectiva i que ens han perm\u00e8s abra\u00e7ar la idea de Brossa\u00a0que &#8220;els g\u00e8neres art\u00edstics s\u00f3n mitjans diferents per expressar una realitat id\u00e8ntica. S\u00f3n els costats d&#8217;una mateixa pir\u00e0mide que conflueixen en el punt m\u00e9s alt.&#8221;<\/p>\n<div>\n<div class=\"slideshow_container slideshow_container_style-light\" style=\" \" data-slideshow-id=\"2759\" data-style-name=\"style-light\" data-style-version=\"2.3.1\" >\n<div class=\"slideshow_loading_icon\"><\/div>\n<div class=\"slideshow_content\" style=\"display: none;\">\n<div class=\"slideshow_view\">\n<div class=\"slideshow_slide slideshow_slide_image\">\n\t\t\t\t\t\t\t\t\t\t\t<img loading=\"lazy\" decoding=\"async\" src=\"https:\/\/agora.xtec.cat\/cfasalvadordali\/wp-content\/uploads\/usu363\/2024\/02\/ABONAMENT.png\" alt=\"Aquestes s\u00f3n algunes de les poesies visuals que hem elaborat els alumnes de manera individual o col\u00b7lectiva i que ens han perm\u00e8s abra\u00e7ar la idea de Brossa que &quot;els g\u00e8neres art\u00edstics s\u00f3n mitjans diferents per expressar una realitat id\u00e8ntica. S\u00f3n els costats d&#039;una mateixa pir\u00e0mide que conflueixen en el punt m\u00e9s alt.&quot;\" width=\"696\" height=\"684\" \/><\/p>\n<div class=\"slideshow_description_box slideshow_transparent\">\n<div class=\"slideshow_title\">ABONAMENT<\/div>\n<\/p><\/div>\n<\/p><\/div>\n<div style=\"clear: both;\"><\/div>\n<\/div>\n<div class=\"slideshow_view\">\n<div class=\"slideshow_slide slideshow_slide_image\">\n\t\t\t\t\t\t\t\t\t\t\t<img loading=\"lazy\" decoding=\"async\" src=\"https:\/\/agora.xtec.cat\/cfasalvadordali\/wp-content\/uploads\/usu363\/2024\/02\/Als-dos-costats-del-mur.png\" alt=\"Als dos costats del mur\" width=\"696\" height=\"679\" \/><\/p>\n<div class=\"slideshow_description_box slideshow_transparent\">\n<div class=\"slideshow_title\">Als dos costats del mur<\/div>\n<\/p><\/div>\n<\/p><\/div>\n<div style=\"clear: both;\"><\/div>\n<\/div>\n<div class=\"slideshow_view\">\n<div class=\"slideshow_slide slideshow_slide_image\">\n\t\t\t\t\t\t\t\t\t\t\t<img loading=\"lazy\" decoding=\"async\" src=\"https:\/\/agora.xtec.cat\/cfasalvadordali\/wp-content\/uploads\/usu363\/2024\/02\/Elisenda-e1709296332398.png\" alt=\"Elisenda\" width=\"100\" height=\"128\" \/><\/p>\n<div class=\"slideshow_description_box slideshow_transparent\">\n<div class=\"slideshow_title\">Elisenda<\/div>\n<\/p><\/div>\n<\/p><\/div>\n<div style=\"clear: both;\"><\/div>\n<\/div>\n<div class=\"slideshow_view\">\n<div class=\"slideshow_slide slideshow_slide_image\">\n\t\t\t\t\t\t\t\t\t\t\t<img loading=\"lazy\" decoding=\"async\" src=\"https:\/\/agora.xtec.cat\/cfasalvadordali\/wp-content\/uploads\/usu363\/2024\/02\/Llibertat.png\" alt=\"Llibertat\" width=\"696\" height=\"682\" \/><\/p>\n<div class=\"slideshow_description_box slideshow_transparent\">\n<div class=\"slideshow_title\">Llibertat<\/div>\n<\/p><\/div>\n<\/p><\/div>\n<div style=\"clear: both;\"><\/div>\n<\/div>\n<div class=\"slideshow_view\">\n<div class=\"slideshow_slide slideshow_slide_image\">\n\t\t\t\t\t\t\t\t\t\t\t<img loading=\"lazy\" decoding=\"async\" src=\"https:\/\/agora.xtec.cat\/cfasalvadordali\/wp-content\/uploads\/usu363\/2024\/02\/Oxigen.png\" alt=\"Oxigen\" width=\"696\" height=\"684\" \/><\/p>\n<div class=\"slideshow_description_box slideshow_transparent\">\n<div class=\"slideshow_title\">Oxigen<\/div>\n<\/p><\/div>\n<\/p><\/div>\n<div style=\"clear: both;\"><\/div>\n<\/div>\n<div class=\"slideshow_view\">\n<div class=\"slideshow_slide slideshow_slide_image\">\n\t\t\t\t\t\t\t\t\t\t\t<img loading=\"lazy\" decoding=\"async\" src=\"https:\/\/agora.xtec.cat\/cfasalvadordali\/wp-content\/uploads\/usu363\/2024\/02\/Rostre.png\" alt=\"Rostre\" width=\"696\" height=\"651\" \/><\/p>\n<div class=\"slideshow_description_box slideshow_transparent\">\n<div class=\"slideshow_title\">Rostre<\/div>\n<\/p><\/div>\n<\/p><\/div>\n<div style=\"clear: both;\"><\/div>\n<\/div><\/div>\n<div class=\"slideshow_controlPanel slideshow_transparent\" style=\"display: none;\">\n<ul>\n<li class=\"slideshow_togglePlay\" data-play-text=\"Visualitza\" data-pause-text=\"Pausa\"><\/li>\n<\/ul>\n<\/div>\n<div class=\"slideshow_button slideshow_previous slideshow_transparent\" role=\"button\" data-previous-text=\"Anterior\" style=\"display: none;\"><\/div>\n<div class=\"slideshow_button slideshow_next slideshow_transparent\" role=\"button\" data-next-text=\"Seg\u00fcent\" style=\"display: none;\"><\/div>\n<div class=\"slideshow_pagination\" style=\"display: none;\" data-go-to-text=\"V\u00e9s a la diapositiva\">\n<div class=\"slideshow_pagination_center\"><\/div>\n<\/div>\n<p>\t\t<!-- WordPress Slideshow Version 2.3.1 --><\/p><\/div>\n<\/div>\n","protected":false},"excerpt":{"rendered":"<p>En el marc del projecte de foment de la lectura que estem duent a terme amb els alumnes de GES 1 de llengua catalana, &#8220;Minuts po\u00e8tics&#8221;, aquesta darrera setmana hem estat treballant l&#8217;obra po\u00e8tica avantguardista de Joan Brossa. A partir del treball d&#8217;elements propis de&hellip;  <a href=\"https:\/\/agora.xtec.cat\/cfasalvadordali\/general\/minuts-poetics-amb-textos-de-joan-brossa\/\" title=\"Read MINUTS PO\u00c8TICS AMB POEMES DE JOAN BROSSA\">Llegeix m\u00e9s\u00bb<\/a><\/p>\n","protected":false},"author":1,"featured_media":2776,"comment_status":"open","ping_status":"closed","sticky":false,"template":"","format":"standard","meta":{"_bbp_topic_count":0,"_bbp_reply_count":0,"_bbp_total_topic_count":0,"_bbp_total_reply_count":0,"_bbp_voice_count":0,"_bbp_anonymous_reply_count":0,"_bbp_topic_count_hidden":0,"_bbp_reply_count_hidden":0,"_bbp_forum_subforum_count":0,"footnotes":""},"categories":[1,84,85,29],"tags":[],"class_list":["post-2756","post","type-post","status-publish","format-standard","has-post-thumbnail","hentry","category-general","category-ges1","category-geso","category-portada"],"post_mailing_queue_ids":[],"_links":{"self":[{"href":"https:\/\/agora.xtec.cat\/cfasalvadordali\/wp-json\/wp\/v2\/posts\/2756","targetHints":{"allow":["GET"]}}],"collection":[{"href":"https:\/\/agora.xtec.cat\/cfasalvadordali\/wp-json\/wp\/v2\/posts"}],"about":[{"href":"https:\/\/agora.xtec.cat\/cfasalvadordali\/wp-json\/wp\/v2\/types\/post"}],"author":[{"embeddable":true,"href":"https:\/\/agora.xtec.cat\/cfasalvadordali\/wp-json\/wp\/v2\/users\/1"}],"replies":[{"embeddable":true,"href":"https:\/\/agora.xtec.cat\/cfasalvadordali\/wp-json\/wp\/v2\/comments?post=2756"}],"version-history":[{"count":6,"href":"https:\/\/agora.xtec.cat\/cfasalvadordali\/wp-json\/wp\/v2\/posts\/2756\/revisions"}],"predecessor-version":[{"id":3568,"href":"https:\/\/agora.xtec.cat\/cfasalvadordali\/wp-json\/wp\/v2\/posts\/2756\/revisions\/3568"}],"wp:featuredmedia":[{"embeddable":true,"href":"https:\/\/agora.xtec.cat\/cfasalvadordali\/wp-json\/wp\/v2\/media\/2776"}],"wp:attachment":[{"href":"https:\/\/agora.xtec.cat\/cfasalvadordali\/wp-json\/wp\/v2\/media?parent=2756"}],"wp:term":[{"taxonomy":"category","embeddable":true,"href":"https:\/\/agora.xtec.cat\/cfasalvadordali\/wp-json\/wp\/v2\/categories?post=2756"},{"taxonomy":"post_tag","embeddable":true,"href":"https:\/\/agora.xtec.cat\/cfasalvadordali\/wp-json\/wp\/v2\/tags?post=2756"}],"curies":[{"name":"wp","href":"https:\/\/api.w.org\/{rel}","templated":true}]}}