{"id":2733,"date":"2024-02-26T12:22:06","date_gmt":"2024-02-26T11:22:06","guid":{"rendered":"https:\/\/agora.xtec.cat\/cfasalvadordali\/?p=2733"},"modified":"2025-02-18T12:28:42","modified_gmt":"2025-02-18T11:28:42","slug":"habilitats-digitals-aplicades-al-modul","status":"publish","type":"post","link":"https:\/\/agora.xtec.cat\/cfasalvadordali\/general\/habilitats-digitals-aplicades-al-modul\/","title":{"rendered":"HABILITATS DIGITALS APLICADES AL M\u00d2DUL"},"content":{"rendered":"<p>Amb els Alumnes de COMPETIC hem fet exercicis aplicables a les responsabilitats que tenen al m\u00f2dul. \u00c9s el cas del responsable de reciclatge d&#8217;un d&#8217;ells que ha realitzat els cartell identificadors dels punts de Reciclatge. Hem treballat aix\u00ed, tamb\u00e9, la consci\u00e8ncia mediambiental.<\/p>\n<p><a href=\"https:\/\/agora.xtec.cat\/cfasalvadordali\/wp-content\/uploads\/usu363\/2024\/02\/RECICLA-AQUI-HECHO_page-0001.jpg\"><img loading=\"lazy\" decoding=\"async\" class=\"size-medium wp-image-2735 alignleft\" src=\"https:\/\/agora.xtec.cat\/cfasalvadordali\/wp-content\/uploads\/usu363\/2024\/02\/RECICLA-AQUI-HECHO_page-0001-212x300.jpg\" alt=\"\" width=\"212\" height=\"300\" \/><\/a><\/p>\n<p>&nbsp;<\/p>\n","protected":false},"excerpt":{"rendered":"<p>Amb els Alumnes de COMPETIC hem fet exercicis aplicables a les responsabilitats que tenen al m\u00f2dul. \u00c9s el cas del responsable de reciclatge d&#8217;un d&#8217;ells que ha realitzat els cartell identificadors dels punts de Reciclatge. Hem treballat aix\u00ed, tamb\u00e9, la consci\u00e8ncia mediambiental.<br \/>\n<a href=\"https:\/\/agora.xtec.cat\/cfasalvadordali\/wp-content\/uploads\/usu363\/2024\/02\/RECICLA-AQUI-HECHO_page-0001.jpg\"><\/a><br \/>\n&nbsp;<\/p>\n","protected":false},"author":1,"featured_media":2814,"comment_status":"open","ping_status":"closed","sticky":false,"template":"","format":"standard","meta":{"_bbp_topic_count":0,"_bbp_reply_count":0,"_bbp_total_topic_count":0,"_bbp_total_reply_count":0,"_bbp_voice_count":0,"_bbp_anonymous_reply_count":0,"_bbp_topic_count_hidden":0,"_bbp_reply_count_hidden":0,"_bbp_forum_subforum_count":0,"footnotes":""},"categories":[96,88,91,92,89,90,1,29],"tags":[],"class_list":["post-2733","post","type-post","status-publish","format-standard","has-post-thumbnail","hentry","category-activitats-culturals","category-competic","category-competic-inicial","category-competic-pre-inicial","category-competic1","category-competic2","category-general","category-portada"],"post_mailing_queue_ids":[],"_links":{"self":[{"href":"https:\/\/agora.xtec.cat\/cfasalvadordali\/wp-json\/wp\/v2\/posts\/2733","targetHints":{"allow":["GET"]}}],"collection":[{"href":"https:\/\/agora.xtec.cat\/cfasalvadordali\/wp-json\/wp\/v2\/posts"}],"about":[{"href":"https:\/\/agora.xtec.cat\/cfasalvadordali\/wp-json\/wp\/v2\/types\/post"}],"author":[{"embeddable":true,"href":"https:\/\/agora.xtec.cat\/cfasalvadordali\/wp-json\/wp\/v2\/users\/1"}],"replies":[{"embeddable":true,"href":"https:\/\/agora.xtec.cat\/cfasalvadordali\/wp-json\/wp\/v2\/comments?post=2733"}],"version-history":[{"count":6,"href":"https:\/\/agora.xtec.cat\/cfasalvadordali\/wp-json\/wp\/v2\/posts\/2733\/revisions"}],"predecessor-version":[{"id":3567,"href":"https:\/\/agora.xtec.cat\/cfasalvadordali\/wp-json\/wp\/v2\/posts\/2733\/revisions\/3567"}],"wp:featuredmedia":[{"embeddable":true,"href":"https:\/\/agora.xtec.cat\/cfasalvadordali\/wp-json\/wp\/v2\/media\/2814"}],"wp:attachment":[{"href":"https:\/\/agora.xtec.cat\/cfasalvadordali\/wp-json\/wp\/v2\/media?parent=2733"}],"wp:term":[{"taxonomy":"category","embeddable":true,"href":"https:\/\/agora.xtec.cat\/cfasalvadordali\/wp-json\/wp\/v2\/categories?post=2733"},{"taxonomy":"post_tag","embeddable":true,"href":"https:\/\/agora.xtec.cat\/cfasalvadordali\/wp-json\/wp\/v2\/tags?post=2733"}],"curies":[{"name":"wp","href":"https:\/\/api.w.org\/{rel}","templated":true}]}}