{"id":2724,"date":"2024-02-21T15:49:51","date_gmt":"2024-02-21T14:49:51","guid":{"rendered":"https:\/\/agora.xtec.cat\/cfasalvadordali\/?p=2724"},"modified":"2025-02-18T12:28:32","modified_gmt":"2025-02-18T11:28:32","slug":"un-tastet-de-vts","status":"publish","type":"post","link":"https:\/\/agora.xtec.cat\/cfasalvadordali\/general\/un-tastet-de-vts\/","title":{"rendered":"UN TASTET DE VTS"},"content":{"rendered":"<p style=\"text-align: justify;\">El professorat novell ha tingut l\u2019oportunitat de con\u00e8ixer la metodologia VTS\u00a0 que s&#8217;emmarca en el projecte d&#8217;innovaci\u00f3 pedag\u00f2gica\u00a0 \u201cL\u2019art de parlar\u201d a trav\u00e9s d\u2019una jornada formativa a c\u00e0rrec d\u2019en David i en Llu\u00eds, docents del centre. L\u2019objectiu \u00e9s que el nou professorat experimenti amb aquesta metodologia una nova forma de desenvolupar la destresa oral amb l\u2019alumnat i aprofitar tots els avantatges que ens ofereix aquesta t\u00e8cnica. Es continuar\u00e0 en una segona sessi\u00f3 per continuar desenvolupant totes les potencialitats que ofereix el VTS.<\/p>\n<p><a href=\"https:\/\/agora.xtec.cat\/cfasalvadordali\/wp-content\/uploads\/usu363\/2024\/02\/Captura.PNG-1.png\"><img loading=\"lazy\" decoding=\"async\" class=\"aligncenter size-medium wp-image-2725\" src=\"https:\/\/agora.xtec.cat\/cfasalvadordali\/wp-content\/uploads\/usu363\/2024\/02\/Captura.PNG-1-300x244.png\" alt=\"\" width=\"300\" height=\"244\" srcset=\"https:\/\/agora.xtec.cat\/cfasalvadordali\/wp-content\/uploads\/usu363\/2024\/02\/Captura.PNG-1-300x244.png 300w, https:\/\/agora.xtec.cat\/cfasalvadordali\/wp-content\/uploads\/usu363\/2024\/02\/Captura.PNG-1-768x624.png 768w, https:\/\/agora.xtec.cat\/cfasalvadordali\/wp-content\/uploads\/usu363\/2024\/02\/Captura.PNG-1.png 819w\" sizes=\"auto, (max-width: 300px) 100vw, 300px\" \/><\/a><\/p>\n","protected":false},"excerpt":{"rendered":"<p>El professorat novell ha tingut l\u2019oportunitat de con\u00e8ixer la metodologia VTS\u00a0 que s&#8217;emmarca en el projecte d&#8217;innovaci\u00f3 pedag\u00f2gica\u00a0 \u201cL\u2019art de parlar\u201d a trav\u00e9s d\u2019una jornada formativa a c\u00e0rrec d\u2019en David i en Llu\u00eds, docents del centre. L\u2019objectiu \u00e9s que el nou professorat experimenti amb aquesta&hellip;  <a href=\"https:\/\/agora.xtec.cat\/cfasalvadordali\/general\/un-tastet-de-vts\/\" title=\"Read UN TASTET DE VTS\">Llegeix m\u00e9s\u00bb<\/a><\/p>\n","protected":false},"author":54,"featured_media":2726,"comment_status":"open","ping_status":"closed","sticky":false,"template":"","format":"standard","meta":{"_bbp_topic_count":0,"_bbp_reply_count":0,"_bbp_total_topic_count":0,"_bbp_total_reply_count":0,"_bbp_voice_count":0,"_bbp_anonymous_reply_count":0,"_bbp_topic_count_hidden":0,"_bbp_reply_count_hidden":0,"_bbp_forum_subforum_count":0,"footnotes":""},"categories":[96,1,29],"tags":[],"class_list":["post-2724","post","type-post","status-publish","format-standard","has-post-thumbnail","hentry","category-activitats-culturals","category-general","category-portada"],"post_mailing_queue_ids":[],"_links":{"self":[{"href":"https:\/\/agora.xtec.cat\/cfasalvadordali\/wp-json\/wp\/v2\/posts\/2724","targetHints":{"allow":["GET"]}}],"collection":[{"href":"https:\/\/agora.xtec.cat\/cfasalvadordali\/wp-json\/wp\/v2\/posts"}],"about":[{"href":"https:\/\/agora.xtec.cat\/cfasalvadordali\/wp-json\/wp\/v2\/types\/post"}],"author":[{"embeddable":true,"href":"https:\/\/agora.xtec.cat\/cfasalvadordali\/wp-json\/wp\/v2\/users\/54"}],"replies":[{"embeddable":true,"href":"https:\/\/agora.xtec.cat\/cfasalvadordali\/wp-json\/wp\/v2\/comments?post=2724"}],"version-history":[{"count":4,"href":"https:\/\/agora.xtec.cat\/cfasalvadordali\/wp-json\/wp\/v2\/posts\/2724\/revisions"}],"predecessor-version":[{"id":3566,"href":"https:\/\/agora.xtec.cat\/cfasalvadordali\/wp-json\/wp\/v2\/posts\/2724\/revisions\/3566"}],"wp:featuredmedia":[{"embeddable":true,"href":"https:\/\/agora.xtec.cat\/cfasalvadordali\/wp-json\/wp\/v2\/media\/2726"}],"wp:attachment":[{"href":"https:\/\/agora.xtec.cat\/cfasalvadordali\/wp-json\/wp\/v2\/media?parent=2724"}],"wp:term":[{"taxonomy":"category","embeddable":true,"href":"https:\/\/agora.xtec.cat\/cfasalvadordali\/wp-json\/wp\/v2\/categories?post=2724"},{"taxonomy":"post_tag","embeddable":true,"href":"https:\/\/agora.xtec.cat\/cfasalvadordali\/wp-json\/wp\/v2\/tags?post=2724"}],"curies":[{"name":"wp","href":"https:\/\/api.w.org\/{rel}","templated":true}]}}